
{"id":87318,"date":"2020-06-07T23:18:07","date_gmt":"2020-06-08T02:18:07","guid":{"rendered":"https:\/\/www.sudoestehoje.com.br\/novoportal\/?p=87318"},"modified":"2020-06-09T22:05:10","modified_gmt":"2020-06-10T01:05:10","slug":"regiao-potiragua-santa-cruz-da-vitoria-e-maiquinique-tem-maiores-coeficientes-de-incidencia-da-covid-19-no-medio-sudoeste","status":"publish","type":"post","link":"https:\/\/www.sudoestehoje.com.br\/novoportal\/2020\/06\/07\/regiao-potiragua-santa-cruz-da-vitoria-e-maiquinique-tem-maiores-coeficientes-de-incidencia-da-covid-19-no-medio-sudoeste\/","title":{"rendered":"REGI\u00c3O: POTIRAGU\u00c1, SANTA CRUZ DA VIT\u00d3RIA E MAIQUINIQUE T\u00caM MAIORES COEFICIENTES DE INCID\u00caNCIA DA COVID-19 NO M\u00c9DIO SUDOESTE"},"content":{"rendered":"<div id=\"attachment_87323\" style=\"width: 510px\" class=\"wp-caption aligncenter\"><a href=\"https:\/\/www.sudoestehoje.com.br\/novoportal\/wp-content\/uploads\/2020\/06\/CORRIDA-POTIRAGU\u00c1.jpg\"><img loading=\"lazy\" decoding=\"async\" aria-describedby=\"caption-attachment-87323\" class=\"size-medium wp-image-87323\" src=\"https:\/\/www.sudoestehoje.com.br\/novoportal\/wp-content\/uploads\/2020\/06\/CORRIDA-POTIRAGU\u00c1-500x281.jpg\" alt=\"\" width=\"500\" height=\"281\" srcset=\"https:\/\/www.sudoestehoje.com.br\/novoportal\/wp-content\/uploads\/2020\/06\/CORRIDA-POTIRAGU\u00c1-500x281.jpg 500w, https:\/\/www.sudoestehoje.com.br\/novoportal\/wp-content\/uploads\/2020\/06\/CORRIDA-POTIRAGU\u00c1-700x394.jpg 700w, https:\/\/www.sudoestehoje.com.br\/novoportal\/wp-content\/uploads\/2020\/06\/CORRIDA-POTIRAGU\u00c1-768x432.jpg 768w, https:\/\/www.sudoestehoje.com.br\/novoportal\/wp-content\/uploads\/2020\/06\/CORRIDA-POTIRAGU\u00c1.jpg 960w\" sizes=\"auto, (max-width: 500px) 100vw, 500px\" \/><\/a><p id=\"caption-attachment-87323\" class=\"wp-caption-text\"><strong><em>POPULA\u00c7\u00c3O DE POTIRAGU\u00c1 N\u00c3O CUMPRE DISTANCIAMENTO SOCIAL E AGLOMERA\u00c7\u00d5ES S\u00c3O COMUNS. MUNIC\u00cdPIO LIDERA RANKING DE MENOR ADES\u00c3O AO ISOLAMENTO SOCIAL NA BAHIA, COM APENAS 28% DA POPULA\u00c7\u00c3O SEGUINDO ORIENTA\u00c7\u00c3O DA OMS.<\/em><\/strong><\/p><\/div>\n<p>Al\u00e9m dos n\u00fameros absolutos de pacientes infectados pola Covid-19 nos munic\u00edpios, o Boletim di\u00e1rio da Sesab divulga tamb\u00e9m o coeficiente de incid\u00eancia por 1.000.000 de habitantes.<\/p>\n<p>Na Bahia, os munic\u00edpios com os maiores coeficientes de incid\u00eancia por 1.000.000 de habitantes s\u00e3o Ipia\u00fa (7.346,37), Itaju\u00edpe (7.076,28), Uru\u00e7uca (6.725,47), Urandi (5.823,03) e Salvador (5.563,74).<\/p>\n<p>No M\u00e9dio Sudoeste, o munic\u00edpio com maior coeficiente de incid\u00eancia \u00e9 <strong>Potiragu\u00e1 (3.045,40)<\/strong>, com 22 casos de Covid-19, confirmados pela Sesab, seguido de <strong>Santa Cruz da Vit\u00f3ria (950,12)<\/strong> e <strong>Maiquinique ( 593,35).<\/strong><em><strong> Confira lista completa:<\/strong><\/em><\/p>\n<p><em><strong>Potiragu\u00e1 &#8211; 3.045,40<\/strong><\/em><\/p>\n<p><em><strong>Santa Cruz da Vit\u00f3ria &#8211; 950,12<\/strong><\/em><\/p>\n<p><em><strong>Maiquinique &#8211; 593,35<\/strong><\/em><\/p>\n<p><em><strong>Ibicu\u00ed &#8211; 308,68<\/strong><\/em><\/p>\n<p><em><strong>Igua\u00ed &#8211; 297,22<\/strong><\/em><\/p>\n<p><em><strong>Itarantim &#8211; 253,20<\/strong><\/em><\/p>\n<p><em><strong>Itapetinga &#8211; 249,52<\/strong><\/em><\/p>\n<p><em><strong>Itoror\u00f3 &#8211; 245,31<\/strong><\/em><\/p>\n<p><em><strong>Firmino Alves &#8211; 178,03<\/strong><\/em><\/p>\n<p><em><strong>Macarani &#8211; 159,96<\/strong><\/em><\/p>\n<p><em><strong>Nova Cana\u00e3 &#8211; 60,75<\/strong><\/em><\/p>\n<p>Os munic\u00edpios de Caatiba e Itamb\u00e9 ainda n\u00e3o registraram nenhum caso da Covid-19 e n\u00e3o aparecem nas estat\u00edsticas.<\/p>\n<p><em><strong>Por Davi Ferraz<\/strong><\/em><\/p>\n","protected":false},"excerpt":{"rendered":"<p>Al\u00e9m dos n\u00fameros absolutos de pacientes infectados pola Covid-19 nos munic\u00edpios, o Boletim di\u00e1rio da Sesab divulga tamb\u00e9m o coeficiente de incid\u00eancia por 1.000.000 de habitantes. Na Bahia, os munic\u00edpios com os maiores coeficientes de incid\u00eancia por 1.000.000 de habitantes s\u00e3o Ipia\u00fa (7.346,37), Itaju\u00edpe (7.076,28), Uru\u00e7uca (6.725,47), Urandi (5.823,03) e Salvador (5.563,74). No M\u00e9dio Sudoeste, [&hellip;]<\/p>\n","protected":false},"author":2,"featured_media":87323,"comment_status":"closed","ping_status":"open","sticky":false,"template":"","format":"standard","meta":{"footnotes":"","_links_to":"","_links_to_target":""},"categories":[1],"tags":[],"class_list":["post-87318","post","type-post","status-publish","format-standard","has-post-thumbnail","hentry","category-geral"],"views":2111,"_links":{"self":[{"href":"https:\/\/www.sudoestehoje.com.br\/novoportal\/wp-json\/wp\/v2\/posts\/87318","targetHints":{"allow":["GET"]}}],"collection":[{"href":"https:\/\/www.sudoestehoje.com.br\/novoportal\/wp-json\/wp\/v2\/posts"}],"about":[{"href":"https:\/\/www.sudoestehoje.com.br\/novoportal\/wp-json\/wp\/v2\/types\/post"}],"author":[{"embeddable":true,"href":"https:\/\/www.sudoestehoje.com.br\/novoportal\/wp-json\/wp\/v2\/users\/2"}],"replies":[{"embeddable":true,"href":"https:\/\/www.sudoestehoje.com.br\/novoportal\/wp-json\/wp\/v2\/comments?post=87318"}],"version-history":[{"count":7,"href":"https:\/\/www.sudoestehoje.com.br\/novoportal\/wp-json\/wp\/v2\/posts\/87318\/revisions"}],"predecessor-version":[{"id":87327,"href":"https:\/\/www.sudoestehoje.com.br\/novoportal\/wp-json\/wp\/v2\/posts\/87318\/revisions\/87327"}],"wp:featuredmedia":[{"embeddable":true,"href":"https:\/\/www.sudoestehoje.com.br\/novoportal\/wp-json\/wp\/v2\/media\/87323"}],"wp:attachment":[{"href":"https:\/\/www.sudoestehoje.com.br\/novoportal\/wp-json\/wp\/v2\/media?parent=87318"}],"wp:term":[{"taxonomy":"category","embeddable":true,"href":"https:\/\/www.sudoestehoje.com.br\/novoportal\/wp-json\/wp\/v2\/categories?post=87318"},{"taxonomy":"post_tag","embeddable":true,"href":"https:\/\/www.sudoestehoje.com.br\/novoportal\/wp-json\/wp\/v2\/tags?post=87318"}],"curies":[{"name":"wp","href":"https:\/\/api.w.org\/{rel}","templated":true}]}}