
{"id":87315,"date":"2020-06-07T20:02:29","date_gmt":"2020-06-07T23:02:29","guid":{"rendered":"https:\/\/www.sudoestehoje.com.br\/novoportal\/?p=87315"},"modified":"2020-06-09T22:05:23","modified_gmt":"2020-06-10T01:05:23","slug":"itapetinga-chega-a-27-casos-confirmados-de-coronavirus","status":"publish","type":"post","link":"https:\/\/www.sudoestehoje.com.br\/novoportal\/2020\/06\/07\/itapetinga-chega-a-27-casos-confirmados-de-coronavirus\/","title":{"rendered":"ITAPETINGA CHEGA A 27 CASOS CONFIRMADOS DE CORONAV\u00cdRUS"},"content":{"rendered":"<p><a href=\"https:\/\/www.sudoestehoje.com.br\/novoportal\/wp-content\/uploads\/2020\/06\/COVID-NOTICIAS-1.jpeg\"><img loading=\"lazy\" decoding=\"async\" class=\"aligncenter size-medium wp-image-87275\" src=\"https:\/\/www.sudoestehoje.com.br\/novoportal\/wp-content\/uploads\/2020\/06\/COVID-NOTICIAS-1-500x287.jpeg\" alt=\"\" width=\"500\" height=\"287\" srcset=\"https:\/\/www.sudoestehoje.com.br\/novoportal\/wp-content\/uploads\/2020\/06\/COVID-NOTICIAS-1-500x287.jpeg 500w, https:\/\/www.sudoestehoje.com.br\/novoportal\/wp-content\/uploads\/2020\/06\/COVID-NOTICIAS-1-700x401.jpeg 700w, https:\/\/www.sudoestehoje.com.br\/novoportal\/wp-content\/uploads\/2020\/06\/COVID-NOTICIAS-1.jpeg 750w\" sizes=\"auto, (max-width: 500px) 100vw, 500px\" \/><\/a><\/p>\n<p>Novos casos de Covid-19 foram confirmados em Itapetinga. Duas mulheres de 67 e 62 anos come\u00e7aram a apresentar fortes sintomas no \u00faltimo dia 27. A primeira delas est\u00e1 em isolamento social com dor de cabe\u00e7a intensa, coriza, congest\u00e3o nasal, al\u00e9m de perda de olfato e paladar.<\/p>\n<p>A outra paciente apresentou quadro mais grave. No dia 27, ela deu entrada no Hospital Cristo Redentor com fortes dores abdominais e foi submetida a uma cirurgia de ap\u00eandice. No dia 29, precisou ser encaminhada para a UTI com acelera\u00e7\u00e3o do ritmo respirat\u00f3rio, sepse abdominal, dessatura\u00e7\u00e3o, dispn\u00e9ia, tosse. Neste domingo, ela foi transferida para o HCC em Vit\u00f3ria da Conquista.<\/p>\n<p>Agora, Itapetinga soma<strong> 27 casos<\/strong> confirmados, 13 deles j\u00e1 curados, 3 \u00f3bitos e 11 ainda com v\u00edrus ativo.<\/p>\n","protected":false},"excerpt":{"rendered":"<p>Novos casos de Covid-19 foram confirmados em Itapetinga. Duas mulheres de 67 e 62 anos come\u00e7aram a apresentar fortes sintomas no \u00faltimo dia 27. A primeira delas est\u00e1 em isolamento social com dor de cabe\u00e7a intensa, coriza, congest\u00e3o nasal, al\u00e9m de perda de olfato e paladar. A outra paciente apresentou quadro mais grave. No dia [&hellip;]<\/p>\n","protected":false},"author":2,"featured_media":87275,"comment_status":"closed","ping_status":"open","sticky":false,"template":"","format":"standard","meta":{"footnotes":"","_links_to":"","_links_to_target":""},"categories":[1],"tags":[],"class_list":["post-87315","post","type-post","status-publish","format-standard","has-post-thumbnail","hentry","category-geral"],"views":1169,"_links":{"self":[{"href":"https:\/\/www.sudoestehoje.com.br\/novoportal\/wp-json\/wp\/v2\/posts\/87315","targetHints":{"allow":["GET"]}}],"collection":[{"href":"https:\/\/www.sudoestehoje.com.br\/novoportal\/wp-json\/wp\/v2\/posts"}],"about":[{"href":"https:\/\/www.sudoestehoje.com.br\/novoportal\/wp-json\/wp\/v2\/types\/post"}],"author":[{"embeddable":true,"href":"https:\/\/www.sudoestehoje.com.br\/novoportal\/wp-json\/wp\/v2\/users\/2"}],"replies":[{"embeddable":true,"href":"https:\/\/www.sudoestehoje.com.br\/novoportal\/wp-json\/wp\/v2\/comments?post=87315"}],"version-history":[{"count":2,"href":"https:\/\/www.sudoestehoje.com.br\/novoportal\/wp-json\/wp\/v2\/posts\/87315\/revisions"}],"predecessor-version":[{"id":87317,"href":"https:\/\/www.sudoestehoje.com.br\/novoportal\/wp-json\/wp\/v2\/posts\/87315\/revisions\/87317"}],"wp:featuredmedia":[{"embeddable":true,"href":"https:\/\/www.sudoestehoje.com.br\/novoportal\/wp-json\/wp\/v2\/media\/87275"}],"wp:attachment":[{"href":"https:\/\/www.sudoestehoje.com.br\/novoportal\/wp-json\/wp\/v2\/media?parent=87315"}],"wp:term":[{"taxonomy":"category","embeddable":true,"href":"https:\/\/www.sudoestehoje.com.br\/novoportal\/wp-json\/wp\/v2\/categories?post=87315"},{"taxonomy":"post_tag","embeddable":true,"href":"https:\/\/www.sudoestehoje.com.br\/novoportal\/wp-json\/wp\/v2\/tags?post=87315"}],"curies":[{"name":"wp","href":"https:\/\/api.w.org\/{rel}","templated":true}]}}