
{"id":87309,"date":"2020-06-07T09:31:12","date_gmt":"2020-06-07T12:31:12","guid":{"rendered":"https:\/\/www.sudoestehoje.com.br\/novoportal\/?p=87309"},"modified":"2020-06-09T22:05:36","modified_gmt":"2020-06-10T01:05:36","slug":"luto-morre-o-guarda-municipal-gean-claudio-aos-50-anos","status":"publish","type":"post","link":"https:\/\/www.sudoestehoje.com.br\/novoportal\/2020\/06\/07\/luto-morre-o-guarda-municipal-gean-claudio-aos-50-anos\/","title":{"rendered":"LUTO: MORRE O GUARDA MUNICIPAL GEAN CLAUDIO, AOS 50 ANOS"},"content":{"rendered":"<p><a href=\"https:\/\/www.sudoestehoje.com.br\/novoportal\/wp-content\/uploads\/2020\/06\/gean-gm.jpg\"><img loading=\"lazy\" decoding=\"async\" class=\"aligncenter size-medium wp-image-87311\" src=\"https:\/\/www.sudoestehoje.com.br\/novoportal\/wp-content\/uploads\/2020\/06\/gean-gm-500x500.jpg\" alt=\"\" width=\"500\" height=\"500\" srcset=\"https:\/\/www.sudoestehoje.com.br\/novoportal\/wp-content\/uploads\/2020\/06\/gean-gm-500x500.jpg 500w, https:\/\/www.sudoestehoje.com.br\/novoportal\/wp-content\/uploads\/2020\/06\/gean-gm-150x150.jpg 150w, https:\/\/www.sudoestehoje.com.br\/novoportal\/wp-content\/uploads\/2020\/06\/gean-gm.jpg 512w\" sizes=\"auto, (max-width: 500px) 100vw, 500px\" \/><\/a><\/p>\n<p>Faleceu, na madrugada deste domingo (7), o GM Gean Cl\u00e1udio Alves Lima, morador do bairro Nova Itapetinga. Gean tinha 50 anos de idade e lutava contra um c\u00e2ncer na garganta.<\/p>\n<p>Gean era guarda municipal de Itapetinga h\u00e1 20 anos e deixa tr\u00eas filhos.<\/p>\n<p>O corpo est\u00e1 sendo velado no sal\u00e3o do Cemit\u00e9rio Parque da Eternidade, na Nova Itapetinga e ser\u00e1 sepultado \u00e0s 11h deste domingo.<\/p>\n<p>O <em>Sudoeste Hoje<\/em> manifesta o seu imenso pesar pela passagem do amigo Gean, pessoa querida na nossa comunidade.<\/p>\n<p><em><strong>Davi Ferraz &#8211; Editor<\/strong><\/em><\/p>\n","protected":false},"excerpt":{"rendered":"<p>Faleceu, na madrugada deste domingo (7), o GM Gean Cl\u00e1udio Alves Lima, morador do bairro Nova Itapetinga. Gean tinha 50 anos de idade e lutava contra um c\u00e2ncer na garganta. Gean era guarda municipal de Itapetinga h\u00e1 20 anos e deixa tr\u00eas filhos. O corpo est\u00e1 sendo velado no sal\u00e3o do Cemit\u00e9rio Parque da Eternidade, [&hellip;]<\/p>\n","protected":false},"author":2,"featured_media":87311,"comment_status":"closed","ping_status":"open","sticky":false,"template":"","format":"standard","meta":{"footnotes":"","_links_to":"","_links_to_target":""},"categories":[1],"tags":[],"class_list":["post-87309","post","type-post","status-publish","format-standard","has-post-thumbnail","hentry","category-geral"],"views":1227,"_links":{"self":[{"href":"https:\/\/www.sudoestehoje.com.br\/novoportal\/wp-json\/wp\/v2\/posts\/87309","targetHints":{"allow":["GET"]}}],"collection":[{"href":"https:\/\/www.sudoestehoje.com.br\/novoportal\/wp-json\/wp\/v2\/posts"}],"about":[{"href":"https:\/\/www.sudoestehoje.com.br\/novoportal\/wp-json\/wp\/v2\/types\/post"}],"author":[{"embeddable":true,"href":"https:\/\/www.sudoestehoje.com.br\/novoportal\/wp-json\/wp\/v2\/users\/2"}],"replies":[{"embeddable":true,"href":"https:\/\/www.sudoestehoje.com.br\/novoportal\/wp-json\/wp\/v2\/comments?post=87309"}],"version-history":[{"count":2,"href":"https:\/\/www.sudoestehoje.com.br\/novoportal\/wp-json\/wp\/v2\/posts\/87309\/revisions"}],"predecessor-version":[{"id":87312,"href":"https:\/\/www.sudoestehoje.com.br\/novoportal\/wp-json\/wp\/v2\/posts\/87309\/revisions\/87312"}],"wp:featuredmedia":[{"embeddable":true,"href":"https:\/\/www.sudoestehoje.com.br\/novoportal\/wp-json\/wp\/v2\/media\/87311"}],"wp:attachment":[{"href":"https:\/\/www.sudoestehoje.com.br\/novoportal\/wp-json\/wp\/v2\/media?parent=87309"}],"wp:term":[{"taxonomy":"category","embeddable":true,"href":"https:\/\/www.sudoestehoje.com.br\/novoportal\/wp-json\/wp\/v2\/categories?post=87309"},{"taxonomy":"post_tag","embeddable":true,"href":"https:\/\/www.sudoestehoje.com.br\/novoportal\/wp-json\/wp\/v2\/tags?post=87309"}],"curies":[{"name":"wp","href":"https:\/\/api.w.org\/{rel}","templated":true}]}}