
{"id":87262,"date":"2020-06-04T20:48:25","date_gmt":"2020-06-04T23:48:25","guid":{"rendered":"https:\/\/www.sudoestehoje.com.br\/novoportal\/?p=87262"},"modified":"2020-06-09T22:06:45","modified_gmt":"2020-06-10T01:06:45","slug":"itapetinga-chega-a-25-casos-confirmados-de-covid-19-com-mais-uma-vitima-fatal","status":"publish","type":"post","link":"https:\/\/www.sudoestehoje.com.br\/novoportal\/2020\/06\/04\/itapetinga-chega-a-25-casos-confirmados-de-covid-19-com-mais-uma-vitima-fatal\/","title":{"rendered":"ITAPETINGA CHEGA A 25 CASOS CONFIRMADOS DE COVID-19 COM MAIS UMA V\u00cdTIMA FATAL"},"content":{"rendered":"<p><a href=\"https:\/\/www.sudoestehoje.com.br\/novoportal\/wp-content\/uploads\/2020\/06\/boletim-25-casos.jpeg\"><img loading=\"lazy\" decoding=\"async\" class=\"aligncenter  wp-image-87263\" src=\"https:\/\/www.sudoestehoje.com.br\/novoportal\/wp-content\/uploads\/2020\/06\/boletim-25-casos-394x700.jpeg\" alt=\"\" width=\"500\" height=\"888\" srcset=\"https:\/\/www.sudoestehoje.com.br\/novoportal\/wp-content\/uploads\/2020\/06\/boletim-25-casos-394x700.jpeg 394w, https:\/\/www.sudoestehoje.com.br\/novoportal\/wp-content\/uploads\/2020\/06\/boletim-25-casos-506x900.jpeg 506w, https:\/\/www.sudoestehoje.com.br\/novoportal\/wp-content\/uploads\/2020\/06\/boletim-25-casos.jpeg 720w\" sizes=\"auto, (max-width: 500px) 100vw, 500px\" \/><\/a><br \/>\nUma mulher de 67 anos faleceu na madrugada desta quinta-feira (4), em Itapetinga, v\u00edtima da Covid-19. No dia 12 de maio ela come\u00e7ou a apresentar sintomas fortes como cefal\u00e9ia, n\u00e1usea, mialgia, febre, inapet\u00eancia, boca amarga, prurido e manchas no corpo. Logo em seguida ela desenvolveu dificuldade respirat\u00f3ria, foi internada no dia 28 na Upa e transferida para Vit\u00f3ria da Conquista no dia 29, onde faleceu. Na tarde desta quinta-feira, o Lacen enviou a confirma\u00e7\u00e3o do resultado.<\/p>\n<p><strong>MAIS 4 CASOS NESTA QUINTA<\/strong><\/p>\n<p>Tr\u00eas homens, de 43, 37 e 31 anos, tiveram resultados positivos atrav\u00e9s de testes r\u00e1pidos. Eles apresentaram sintomas como febre, dor, falta de paladar, mialgia e fraqueza muscular. Um deles chegou a desenvolver dificuldade respirat\u00f3ria. Outro come\u00e7ou a apresentar hemoptise (escarro com rajadas de sangue), h\u00e1 3 dias. Dois se recuperam em casa e um est\u00e1 internado em Vit\u00f3ria da Conquista.<\/p>\n<p>Uma mulher, de 24 anos, apresentou sintomas no dia 18, ap\u00f3s voltar de uma viagem a Itati. Ela teve febre, tosse, dor de garganta, dificuldade respirat\u00f3ria, mialgia, diarreia, cefal\u00e9ia, coriza, fraqueza muscular e ard\u00eancia nos olhos.<\/p>\n<p>Itapetinga registra, agora, <strong>25 casos positivos, com 3 \u00f3bitos.<\/strong> <em>\/\/Ascom Prefeitura<\/em><\/p>\n","protected":false},"excerpt":{"rendered":"<p>Uma mulher de 67 anos faleceu na madrugada desta quinta-feira (4), em Itapetinga, v\u00edtima da Covid-19. No dia 12 de maio ela come\u00e7ou a apresentar sintomas fortes como cefal\u00e9ia, n\u00e1usea, mialgia, febre, inapet\u00eancia, boca amarga, prurido e manchas no corpo. Logo em seguida ela desenvolveu dificuldade respirat\u00f3ria, foi internada no dia 28 na Upa e [&hellip;]<\/p>\n","protected":false},"author":2,"featured_media":87263,"comment_status":"closed","ping_status":"open","sticky":false,"template":"","format":"standard","meta":{"footnotes":"","_links_to":"","_links_to_target":""},"categories":[1],"tags":[],"class_list":["post-87262","post","type-post","status-publish","format-standard","has-post-thumbnail","hentry","category-geral"],"views":1887,"_links":{"self":[{"href":"https:\/\/www.sudoestehoje.com.br\/novoportal\/wp-json\/wp\/v2\/posts\/87262","targetHints":{"allow":["GET"]}}],"collection":[{"href":"https:\/\/www.sudoestehoje.com.br\/novoportal\/wp-json\/wp\/v2\/posts"}],"about":[{"href":"https:\/\/www.sudoestehoje.com.br\/novoportal\/wp-json\/wp\/v2\/types\/post"}],"author":[{"embeddable":true,"href":"https:\/\/www.sudoestehoje.com.br\/novoportal\/wp-json\/wp\/v2\/users\/2"}],"replies":[{"embeddable":true,"href":"https:\/\/www.sudoestehoje.com.br\/novoportal\/wp-json\/wp\/v2\/comments?post=87262"}],"version-history":[{"count":3,"href":"https:\/\/www.sudoestehoje.com.br\/novoportal\/wp-json\/wp\/v2\/posts\/87262\/revisions"}],"predecessor-version":[{"id":87266,"href":"https:\/\/www.sudoestehoje.com.br\/novoportal\/wp-json\/wp\/v2\/posts\/87262\/revisions\/87266"}],"wp:featuredmedia":[{"embeddable":true,"href":"https:\/\/www.sudoestehoje.com.br\/novoportal\/wp-json\/wp\/v2\/media\/87263"}],"wp:attachment":[{"href":"https:\/\/www.sudoestehoje.com.br\/novoportal\/wp-json\/wp\/v2\/media?parent=87262"}],"wp:term":[{"taxonomy":"category","embeddable":true,"href":"https:\/\/www.sudoestehoje.com.br\/novoportal\/wp-json\/wp\/v2\/categories?post=87262"},{"taxonomy":"post_tag","embeddable":true,"href":"https:\/\/www.sudoestehoje.com.br\/novoportal\/wp-json\/wp\/v2\/tags?post=87262"}],"curies":[{"name":"wp","href":"https:\/\/api.w.org\/{rel}","templated":true}]}}