
{"id":87254,"date":"2020-06-04T12:20:50","date_gmt":"2020-06-04T15:20:50","guid":{"rendered":"https:\/\/www.sudoestehoje.com.br\/novoportal\/?p=87254"},"modified":"2020-06-09T22:07:10","modified_gmt":"2020-06-10T01:07:10","slug":"itapetinga-registra-20o-caso-da-covid-19","status":"publish","type":"post","link":"https:\/\/www.sudoestehoje.com.br\/novoportal\/2020\/06\/04\/itapetinga-registra-20o-caso-da-covid-19\/","title":{"rendered":"ITAPETINGA REGISTRA 20\u00ba CASO DA COVID-19"},"content":{"rendered":"<p><a href=\"https:\/\/www.sudoestehoje.com.br\/novoportal\/wp-content\/uploads\/2020\/06\/20-CASO-ITAP.jpg\"><img loading=\"lazy\" decoding=\"async\" class=\"aligncenter size-medium wp-image-87255\" src=\"https:\/\/www.sudoestehoje.com.br\/novoportal\/wp-content\/uploads\/2020\/06\/20-CASO-ITAP-500x500.jpg\" alt=\"\" width=\"500\" height=\"500\" srcset=\"https:\/\/www.sudoestehoje.com.br\/novoportal\/wp-content\/uploads\/2020\/06\/20-CASO-ITAP-500x500.jpg 500w, https:\/\/www.sudoestehoje.com.br\/novoportal\/wp-content\/uploads\/2020\/06\/20-CASO-ITAP-700x700.jpg 700w, https:\/\/www.sudoestehoje.com.br\/novoportal\/wp-content\/uploads\/2020\/06\/20-CASO-ITAP-150x150.jpg 150w, https:\/\/www.sudoestehoje.com.br\/novoportal\/wp-content\/uploads\/2020\/06\/20-CASO-ITAP-768x768.jpg 768w, https:\/\/www.sudoestehoje.com.br\/novoportal\/wp-content\/uploads\/2020\/06\/20-CASO-ITAP.jpg 960w\" sizes=\"auto, (max-width: 500px) 100vw, 500px\" \/><\/a><\/p>\n<p>Novo caso confirmado para coronav\u00edrus em Itapetinga. Uma paciente de 38 anos deu entrada na UPA do munic\u00edpio. Ela apresentava sintomas como febre, tosse, dor de<span class=\"text_exposed_show\">\u00a0garganta e dispneia.<\/span><\/p>\n<div class=\"text_exposed_show\">\n<p>O quadro se agravou e ela foi transferida para Vit\u00f3ria da Conquista onde come\u00e7ou um tratamento para tromboembolia, como registrado no Boletim do pr\u00f3prio hospital.<\/p>\n<p>No dia 25, ocorreu a coleta do material e nesta quarta-feira, 03, o Lacen enviou resultado positivo para Covid-19.<\/p>\n<p>Ela \u00e9 a 20\u00aa paciente confirmada com o coronav\u00edrus em Itapetinga.<\/p>\n<p>Por conta do r\u00e1pido aumento do n\u00famero de contaminados, a prefeitura de Itapetinga emitiu mais um decreto com novas medidas de seguran\u00e7a. <em>\/\/Ascom<\/em><\/p>\n<\/div>\n","protected":false},"excerpt":{"rendered":"<p>Novo caso confirmado para coronav\u00edrus em Itapetinga. Uma paciente de 38 anos deu entrada na UPA do munic\u00edpio. Ela apresentava sintomas como febre, tosse, dor de\u00a0garganta e dispneia. O quadro se agravou e ela foi transferida para Vit\u00f3ria da Conquista onde come\u00e7ou um tratamento para tromboembolia, como registrado no Boletim do pr\u00f3prio hospital. No dia [&hellip;]<\/p>\n","protected":false},"author":2,"featured_media":87255,"comment_status":"closed","ping_status":"open","sticky":false,"template":"","format":"standard","meta":{"footnotes":"","_links_to":"","_links_to_target":""},"categories":[1],"tags":[],"class_list":["post-87254","post","type-post","status-publish","format-standard","has-post-thumbnail","hentry","category-geral"],"views":1319,"_links":{"self":[{"href":"https:\/\/www.sudoestehoje.com.br\/novoportal\/wp-json\/wp\/v2\/posts\/87254","targetHints":{"allow":["GET"]}}],"collection":[{"href":"https:\/\/www.sudoestehoje.com.br\/novoportal\/wp-json\/wp\/v2\/posts"}],"about":[{"href":"https:\/\/www.sudoestehoje.com.br\/novoportal\/wp-json\/wp\/v2\/types\/post"}],"author":[{"embeddable":true,"href":"https:\/\/www.sudoestehoje.com.br\/novoportal\/wp-json\/wp\/v2\/users\/2"}],"replies":[{"embeddable":true,"href":"https:\/\/www.sudoestehoje.com.br\/novoportal\/wp-json\/wp\/v2\/comments?post=87254"}],"version-history":[{"count":2,"href":"https:\/\/www.sudoestehoje.com.br\/novoportal\/wp-json\/wp\/v2\/posts\/87254\/revisions"}],"predecessor-version":[{"id":87257,"href":"https:\/\/www.sudoestehoje.com.br\/novoportal\/wp-json\/wp\/v2\/posts\/87254\/revisions\/87257"}],"wp:featuredmedia":[{"embeddable":true,"href":"https:\/\/www.sudoestehoje.com.br\/novoportal\/wp-json\/wp\/v2\/media\/87255"}],"wp:attachment":[{"href":"https:\/\/www.sudoestehoje.com.br\/novoportal\/wp-json\/wp\/v2\/media?parent=87254"}],"wp:term":[{"taxonomy":"category","embeddable":true,"href":"https:\/\/www.sudoestehoje.com.br\/novoportal\/wp-json\/wp\/v2\/categories?post=87254"},{"taxonomy":"post_tag","embeddable":true,"href":"https:\/\/www.sudoestehoje.com.br\/novoportal\/wp-json\/wp\/v2\/tags?post=87254"}],"curies":[{"name":"wp","href":"https:\/\/api.w.org\/{rel}","templated":true}]}}