
{"id":87248,"date":"2020-06-03T22:47:29","date_gmt":"2020-06-04T01:47:29","guid":{"rendered":"https:\/\/www.sudoestehoje.com.br\/novoportal\/?p=87248"},"modified":"2020-06-09T22:07:20","modified_gmt":"2020-06-10T01:07:20","slug":"macarani-registra-2o-caso-de-coronavirus","status":"publish","type":"post","link":"https:\/\/www.sudoestehoje.com.br\/novoportal\/2020\/06\/03\/macarani-registra-2o-caso-de-coronavirus\/","title":{"rendered":"MACARANI REGISTRA 2\u00ba CASO DE CORONAV\u00cdRUS"},"content":{"rendered":"<p><a href=\"https:\/\/www.sudoestehoje.com.br\/novoportal\/wp-content\/uploads\/2020\/06\/boletin-macarani-2.jpeg\"><img loading=\"lazy\" decoding=\"async\" class=\"aligncenter size-medium wp-image-87250\" src=\"https:\/\/www.sudoestehoje.com.br\/novoportal\/wp-content\/uploads\/2020\/06\/boletin-macarani-2-500x486.jpeg\" alt=\"\" width=\"500\" height=\"486\" srcset=\"https:\/\/www.sudoestehoje.com.br\/novoportal\/wp-content\/uploads\/2020\/06\/boletin-macarani-2-500x486.jpeg 500w, https:\/\/www.sudoestehoje.com.br\/novoportal\/wp-content\/uploads\/2020\/06\/boletin-macarani-2.jpeg 622w\" sizes=\"auto, (max-width: 500px) 100vw, 500px\" \/><\/a><\/p>\n<p>Nas redes sociais, o prefeito de Macarani, Miller Ferraz, anunciou na noite desta quarta-feira (3) o segundo caso de Covid-19 no munic\u00edpio, ap\u00f3s ser informado pela Dires de Vit\u00f3ria da Conquista (Sesab).<\/p>\n<p>Segundo o prefeito, trata-se de uma mulher de 73 anos de idade, que j\u00e1 se encontra em isolamento domiciliar, seguindo as recomenda\u00e7\u00f5es da Secretaria Municipal de Sa\u00fade.<\/p>\n<p>Com esse resultado, Macarani agora contabiliza 2 casos confirmados da Covid-19, sendo que um foi a \u00f3bito.<\/p>\n<p><strong><em>Por Davi Ferraz<\/em><\/strong><\/p>\n","protected":false},"excerpt":{"rendered":"<p>Nas redes sociais, o prefeito de Macarani, Miller Ferraz, anunciou na noite desta quarta-feira (3) o segundo caso de Covid-19 no munic\u00edpio, ap\u00f3s ser informado pela Dires de Vit\u00f3ria da Conquista (Sesab). Segundo o prefeito, trata-se de uma mulher de 73 anos de idade, que j\u00e1 se encontra em isolamento domiciliar, seguindo as recomenda\u00e7\u00f5es da [&hellip;]<\/p>\n","protected":false},"author":2,"featured_media":87250,"comment_status":"closed","ping_status":"open","sticky":false,"template":"","format":"standard","meta":{"footnotes":"","_links_to":"","_links_to_target":""},"categories":[1],"tags":[],"class_list":["post-87248","post","type-post","status-publish","format-standard","has-post-thumbnail","hentry","category-geral"],"views":1298,"_links":{"self":[{"href":"https:\/\/www.sudoestehoje.com.br\/novoportal\/wp-json\/wp\/v2\/posts\/87248","targetHints":{"allow":["GET"]}}],"collection":[{"href":"https:\/\/www.sudoestehoje.com.br\/novoportal\/wp-json\/wp\/v2\/posts"}],"about":[{"href":"https:\/\/www.sudoestehoje.com.br\/novoportal\/wp-json\/wp\/v2\/types\/post"}],"author":[{"embeddable":true,"href":"https:\/\/www.sudoestehoje.com.br\/novoportal\/wp-json\/wp\/v2\/users\/2"}],"replies":[{"embeddable":true,"href":"https:\/\/www.sudoestehoje.com.br\/novoportal\/wp-json\/wp\/v2\/comments?post=87248"}],"version-history":[{"count":2,"href":"https:\/\/www.sudoestehoje.com.br\/novoportal\/wp-json\/wp\/v2\/posts\/87248\/revisions"}],"predecessor-version":[{"id":87252,"href":"https:\/\/www.sudoestehoje.com.br\/novoportal\/wp-json\/wp\/v2\/posts\/87248\/revisions\/87252"}],"wp:featuredmedia":[{"embeddable":true,"href":"https:\/\/www.sudoestehoje.com.br\/novoportal\/wp-json\/wp\/v2\/media\/87250"}],"wp:attachment":[{"href":"https:\/\/www.sudoestehoje.com.br\/novoportal\/wp-json\/wp\/v2\/media?parent=87248"}],"wp:term":[{"taxonomy":"category","embeddable":true,"href":"https:\/\/www.sudoestehoje.com.br\/novoportal\/wp-json\/wp\/v2\/categories?post=87248"},{"taxonomy":"post_tag","embeddable":true,"href":"https:\/\/www.sudoestehoje.com.br\/novoportal\/wp-json\/wp\/v2\/tags?post=87248"}],"curies":[{"name":"wp","href":"https:\/\/api.w.org\/{rel}","templated":true}]}}