
{"id":87245,"date":"2020-06-03T22:06:40","date_gmt":"2020-06-04T01:06:40","guid":{"rendered":"https:\/\/www.sudoestehoje.com.br\/novoportal\/?p=87245"},"modified":"2020-06-03T23:24:57","modified_gmt":"2020-06-04T02:24:57","slug":"reporter-da-band-fica-indignado-com-festas-e-aglomeracoes-em-potiragua","status":"publish","type":"post","link":"https:\/\/www.sudoestehoje.com.br\/novoportal\/2020\/06\/03\/reporter-da-band-fica-indignado-com-festas-e-aglomeracoes-em-potiragua\/","title":{"rendered":"REP\u00d3RTER DA BAND FICA INDIGNADO COM FESTAS E AGLOMERA\u00c7\u00d5ES EM POTIRAGU\u00c1"},"content":{"rendered":"<p><a href=\"https:\/\/www.sudoestehoje.com.br\/novoportal\/wp-content\/uploads\/2020\/06\/RAMON-FERRAZ-BAND.jpg\"><img loading=\"lazy\" decoding=\"async\" class=\"aligncenter size-medium wp-image-87246\" src=\"https:\/\/www.sudoestehoje.com.br\/novoportal\/wp-content\/uploads\/2020\/06\/RAMON-FERRAZ-BAND-500x281.jpg\" alt=\"\" width=\"500\" height=\"281\" srcset=\"https:\/\/www.sudoestehoje.com.br\/novoportal\/wp-content\/uploads\/2020\/06\/RAMON-FERRAZ-BAND-500x281.jpg 500w, https:\/\/www.sudoestehoje.com.br\/novoportal\/wp-content\/uploads\/2020\/06\/RAMON-FERRAZ-BAND-700x394.jpg 700w, https:\/\/www.sudoestehoje.com.br\/novoportal\/wp-content\/uploads\/2020\/06\/RAMON-FERRAZ-BAND-768x432.jpg 768w, https:\/\/www.sudoestehoje.com.br\/novoportal\/wp-content\/uploads\/2020\/06\/RAMON-FERRAZ-BAND.jpg 960w\" sizes=\"auto, (max-width: 500px) 100vw, 500px\" \/><\/a><\/p>\n<p>Em sua p\u00e1gina no Facebook, nesta quarta-feira (3), o rep\u00f3rter Ramon Ferraz, da rede Band, manifestou a sua indigna\u00e7\u00e3o com o descaso que vigora em Potiragu\u00e1, sua terra natal, em rela\u00e7\u00e3o aos cuidados no combate ao Coronav\u00edrus. <em>Confira o desabafo do consagrado rep\u00f3rter:<\/em><\/p>\n<p><strong><em>&#8220;Potiragu\u00e1, n\u00e3o fa\u00e7a isso comigo! N\u00e3o foi como eu gostaria de ter falado de voc\u00ea em plena rede nacional, mas foi necess\u00e1rio. Ali\u00e1s, desde o in\u00edcio da semana temo<span class=\"text_exposed_show\">s abordado o assunto na programa\u00e7\u00e3o da Band. Hoje, foi durante um ao vivo de longos minutos na Band News TV. Percentualmente, a cidade lidera o ingrato ranking de menor ades\u00e3o ao isolamento social na Bahia. De acordo com o Governo do Estado, que considerou dados de geolocaliza\u00e7\u00e3o ativados nos celulares dos moradores, apenas 28% dos potiraguenses est\u00e3o seguindo a orienta\u00e7\u00e3o da OMS. Quando recebi os v\u00eddeos das corridas a cavalo com direito \u00e0 torcida e imagens de uma brincadeira no centro de Potiragu\u00e1, reparei que as pessoas que provocaram as aglomera\u00e7\u00f5es sequer usavam m\u00e1scaras. Como comunicador oriundo dessa terra, me senti na miss\u00e3o de colaborar amplificando a voz dos potiraguenses que, com raz\u00e3o, querem alertar quem p\u00f5e em risco a sa\u00fade de todos. Mais empatia, por favor!&#8221;<\/span><\/em><\/strong><\/p>\n<p>Precisa dizer mais o qu\u00ea?<\/p>\n<p><strong><em>Por Davi Ferraz<\/em><\/strong><\/p>\n","protected":false},"excerpt":{"rendered":"<p>Em sua p\u00e1gina no Facebook, nesta quarta-feira (3), o rep\u00f3rter Ramon Ferraz, da rede Band, manifestou a sua indigna\u00e7\u00e3o com o descaso que vigora em Potiragu\u00e1, sua terra natal, em rela\u00e7\u00e3o aos cuidados no combate ao Coronav\u00edrus. Confira o desabafo do consagrado rep\u00f3rter: &#8220;Potiragu\u00e1, n\u00e3o fa\u00e7a isso comigo! N\u00e3o foi como eu gostaria de ter [&hellip;]<\/p>\n","protected":false},"author":2,"featured_media":87246,"comment_status":"open","ping_status":"open","sticky":false,"template":"","format":"standard","meta":{"footnotes":"","_links_to":"","_links_to_target":""},"categories":[1],"tags":[],"class_list":["post-87245","post","type-post","status-publish","format-standard","has-post-thumbnail","hentry","category-geral"],"views":2122,"_links":{"self":[{"href":"https:\/\/www.sudoestehoje.com.br\/novoportal\/wp-json\/wp\/v2\/posts\/87245","targetHints":{"allow":["GET"]}}],"collection":[{"href":"https:\/\/www.sudoestehoje.com.br\/novoportal\/wp-json\/wp\/v2\/posts"}],"about":[{"href":"https:\/\/www.sudoestehoje.com.br\/novoportal\/wp-json\/wp\/v2\/types\/post"}],"author":[{"embeddable":true,"href":"https:\/\/www.sudoestehoje.com.br\/novoportal\/wp-json\/wp\/v2\/users\/2"}],"replies":[{"embeddable":true,"href":"https:\/\/www.sudoestehoje.com.br\/novoportal\/wp-json\/wp\/v2\/comments?post=87245"}],"version-history":[{"count":2,"href":"https:\/\/www.sudoestehoje.com.br\/novoportal\/wp-json\/wp\/v2\/posts\/87245\/revisions"}],"predecessor-version":[{"id":87253,"href":"https:\/\/www.sudoestehoje.com.br\/novoportal\/wp-json\/wp\/v2\/posts\/87245\/revisions\/87253"}],"wp:featuredmedia":[{"embeddable":true,"href":"https:\/\/www.sudoestehoje.com.br\/novoportal\/wp-json\/wp\/v2\/media\/87246"}],"wp:attachment":[{"href":"https:\/\/www.sudoestehoje.com.br\/novoportal\/wp-json\/wp\/v2\/media?parent=87245"}],"wp:term":[{"taxonomy":"category","embeddable":true,"href":"https:\/\/www.sudoestehoje.com.br\/novoportal\/wp-json\/wp\/v2\/categories?post=87245"},{"taxonomy":"post_tag","embeddable":true,"href":"https:\/\/www.sudoestehoje.com.br\/novoportal\/wp-json\/wp\/v2\/tags?post=87245"}],"curies":[{"name":"wp","href":"https:\/\/api.w.org\/{rel}","templated":true}]}}