
{"id":87243,"date":"2020-06-03T20:50:09","date_gmt":"2020-06-03T23:50:09","guid":{"rendered":"https:\/\/www.sudoestehoje.com.br\/novoportal\/?p=87243"},"modified":"2020-06-03T20:50:09","modified_gmt":"2020-06-03T23:50:09","slug":"caatiba-prefeita-tania-ribeiro-assegura-transporte-para-funcionarios-da-azaleia-2","status":"publish","type":"post","link":"https:\/\/www.sudoestehoje.com.br\/novoportal\/2020\/06\/03\/caatiba-prefeita-tania-ribeiro-assegura-transporte-para-funcionarios-da-azaleia-2\/","title":{"rendered":"CAATIBA: PREFEITA T\u00c2NIA RIBEIRO ASSEGURA TRANSPORTE PARA FUNCION\u00c1RIOS DA AZALEIA"},"content":{"rendered":"<p><a href=\"https:\/\/www.sudoestehoje.com.br\/novoportal\/wp-content\/uploads\/2020\/06\/CAATIBA-AZALEIA.jpg\"><img loading=\"lazy\" decoding=\"async\" class=\"aligncenter size-medium wp-image-87241\" src=\"https:\/\/www.sudoestehoje.com.br\/novoportal\/wp-content\/uploads\/2020\/06\/CAATIBA-AZALEIA-500x333.jpg\" alt=\"\" width=\"500\" height=\"333\" srcset=\"https:\/\/www.sudoestehoje.com.br\/novoportal\/wp-content\/uploads\/2020\/06\/CAATIBA-AZALEIA-500x333.jpg 500w, https:\/\/www.sudoestehoje.com.br\/novoportal\/wp-content\/uploads\/2020\/06\/CAATIBA-AZALEIA-700x467.jpg 700w, https:\/\/www.sudoestehoje.com.br\/novoportal\/wp-content\/uploads\/2020\/06\/CAATIBA-AZALEIA-768x512.jpg 768w, https:\/\/www.sudoestehoje.com.br\/novoportal\/wp-content\/uploads\/2020\/06\/CAATIBA-AZALEIA.jpg 960w\" sizes=\"auto, (max-width: 500px) 100vw, 500px\" \/><\/a><\/p>\n<p>Ap\u00f3s a Vulcabr\u00e1s Azaleia noticiar demiss\u00f5es de funcion\u00e1rios das unidades de Itapetinga, a Prefeita T\u00e2nia Ribeiro, se preocupou com os trabalhadores do munic\u00edpio de Caatiba que fazem parte do quadro de funcion\u00e1rios da empresa cal\u00e7adista, tendo em vista que o corte afetaria principalmente os que residem em outras regi\u00f5es em virtude da<span class=\"text_exposed_show\">s despesas com o transporte.<\/span><\/p>\n<p><span class=\"text_exposed_show\">No \u00faltimo s\u00e1bado (30\/05), a Prefeita de Caatiba, juntamente com o Legislativo Municipal, se reuniu com o propriet\u00e1rio da empresa de \u00f4nibus da transnacional, para encontrar meios de oferecer aos funcion\u00e1rios de Caatiba a condi\u00e7\u00e3o de deslocamento, e assim manter a circula\u00e7\u00e3o intermunicipal do transporte, evitando que em torno de (50) cinquenta pais e m\u00e3es de fam\u00edlia percam seu emprego.<\/span><\/p>\n<p><span class=\"text_exposed_show\">Ao final da reuni\u00e3o ficou acertado entre as partes um acordo, onde a Prefeitura de Caatiba entrar\u00e1 com contrapartida para que seja garantido que todos os funcion\u00e1rios do munic\u00edpio que prestam servi\u00e7os para a Azaleia permane\u00e7am na empresa.<\/span><\/p>\n<p><span class=\"text_exposed_show\">Diante do acordo firmado a Prefeita T\u00e2nia Ribeiro, em um encontro com funcion\u00e1rios da azaleia, reafirmou seu compromisso com todos os empregados da empresa no munic\u00edpio de Caatiba, deixando um grande al\u00edvio para todos que temiam a perda do seu meio de subsist\u00eancia. \/\/<\/span>Ascom<a class=\"profileLink\" title=\"Caatiba Bahia\" href=\"https:\/\/www.facebook.com\/ascomcaatiba.ascom.7?__tn__=%2CdK-R-R&amp;eid=ARACOm4xDSyaLX3ovKk5Hk9Y_oWylUxlVmN2wZ00NQ0s0bUmeluQczuDuob19xyB0-F-Vso2AFS11Pbq&amp;fref=mentions\" data-hovercard=\"\/ajax\/hovercard\/user.php?id=100015971282217&amp;extragetparams=%7B%22__tn__%22%3A%22%2CdK-R-R%22%2C%22eid%22%3A%22ARACOm4xDSyaLX3ovKk5Hk9Y_oWylUxlVmN2wZ00NQ0s0bUmeluQczuDuob19xyB0-F-Vso2AFS11Pbq%22%2C%22fref%22%3A%22mentions%22%7D\" data-hovercard-prefer-more-content-show=\"1\">\u00a0Caatiba<\/a><\/p>\n","protected":false},"excerpt":{"rendered":"<p>Ap\u00f3s a Vulcabr\u00e1s Azaleia noticiar demiss\u00f5es de funcion\u00e1rios das unidades de Itapetinga, a Prefeita T\u00e2nia Ribeiro, se preocupou com os trabalhadores do munic\u00edpio de Caatiba que fazem parte do quadro de funcion\u00e1rios da empresa cal\u00e7adista, tendo em vista que o corte afetaria principalmente os que residem em outras regi\u00f5es em virtude das despesas com o [&hellip;]<\/p>\n","protected":false},"author":2,"featured_media":87241,"comment_status":"open","ping_status":"open","sticky":false,"template":"","format":"standard","meta":{"footnotes":"","_links_to":"","_links_to_target":""},"categories":[1],"tags":[],"class_list":["post-87243","post","type-post","status-publish","format-standard","has-post-thumbnail","hentry","category-geral"],"views":1144,"_links":{"self":[{"href":"https:\/\/www.sudoestehoje.com.br\/novoportal\/wp-json\/wp\/v2\/posts\/87243","targetHints":{"allow":["GET"]}}],"collection":[{"href":"https:\/\/www.sudoestehoje.com.br\/novoportal\/wp-json\/wp\/v2\/posts"}],"about":[{"href":"https:\/\/www.sudoestehoje.com.br\/novoportal\/wp-json\/wp\/v2\/types\/post"}],"author":[{"embeddable":true,"href":"https:\/\/www.sudoestehoje.com.br\/novoportal\/wp-json\/wp\/v2\/users\/2"}],"replies":[{"embeddable":true,"href":"https:\/\/www.sudoestehoje.com.br\/novoportal\/wp-json\/wp\/v2\/comments?post=87243"}],"version-history":[{"count":1,"href":"https:\/\/www.sudoestehoje.com.br\/novoportal\/wp-json\/wp\/v2\/posts\/87243\/revisions"}],"predecessor-version":[{"id":87244,"href":"https:\/\/www.sudoestehoje.com.br\/novoportal\/wp-json\/wp\/v2\/posts\/87243\/revisions\/87244"}],"wp:featuredmedia":[{"embeddable":true,"href":"https:\/\/www.sudoestehoje.com.br\/novoportal\/wp-json\/wp\/v2\/media\/87241"}],"wp:attachment":[{"href":"https:\/\/www.sudoestehoje.com.br\/novoportal\/wp-json\/wp\/v2\/media?parent=87243"}],"wp:term":[{"taxonomy":"category","embeddable":true,"href":"https:\/\/www.sudoestehoje.com.br\/novoportal\/wp-json\/wp\/v2\/categories?post=87243"},{"taxonomy":"post_tag","embeddable":true,"href":"https:\/\/www.sudoestehoje.com.br\/novoportal\/wp-json\/wp\/v2\/tags?post=87243"}],"curies":[{"name":"wp","href":"https:\/\/api.w.org\/{rel}","templated":true}]}}