
{"id":87225,"date":"2020-06-03T18:06:25","date_gmt":"2020-06-03T21:06:25","guid":{"rendered":"https:\/\/www.sudoestehoje.com.br\/novoportal\/?p=87225"},"modified":"2020-06-03T18:06:25","modified_gmt":"2020-06-03T21:06:25","slug":"presidente-naara-duarte-convida-populacao-para-acompanhar-audiencia-virtual-conjunta-com-a-camara-de-conquista","status":"publish","type":"post","link":"https:\/\/www.sudoestehoje.com.br\/novoportal\/2020\/06\/03\/presidente-naara-duarte-convida-populacao-para-acompanhar-audiencia-virtual-conjunta-com-a-camara-de-conquista\/","title":{"rendered":"PRESIDENTE NAARA DUARTE CONVIDA POPULA\u00c7\u00c3O PARA ACOMPANHAR AUDI\u00caNCIA VIRTUAL CONJUNTA COM A C\u00c2MARA DE CONQUISTA"},"content":{"rendered":"<p><a href=\"https:\/\/www.sudoestehoje.com.br\/novoportal\/wp-content\/uploads\/2020\/06\/audiencia-conjunta.jpeg\"><img loading=\"lazy\" decoding=\"async\" class=\"aligncenter size-medium wp-image-87227\" src=\"https:\/\/www.sudoestehoje.com.br\/novoportal\/wp-content\/uploads\/2020\/06\/audiencia-conjunta-500x375.jpeg\" alt=\"\" width=\"500\" height=\"375\" srcset=\"https:\/\/www.sudoestehoje.com.br\/novoportal\/wp-content\/uploads\/2020\/06\/audiencia-conjunta-500x375.jpeg 500w, https:\/\/www.sudoestehoje.com.br\/novoportal\/wp-content\/uploads\/2020\/06\/audiencia-conjunta-700x525.jpeg 700w, https:\/\/www.sudoestehoje.com.br\/novoportal\/wp-content\/uploads\/2020\/06\/audiencia-conjunta.jpeg 768w\" sizes=\"auto, (max-width: 500px) 100vw, 500px\" \/><\/a><\/p>\n<p>A presidente da C\u00e2mara Municipal de Itapetinga, Naara Duarte (PSC), convida toda a popula\u00e7\u00e3o a acompanhar, nesta quinta-feira (4), \u00e0s 14 horas, a audi\u00eancia p\u00fablica virtual, realizada em parceria com a C\u00e2mara de Vereadores de Vit\u00f3ria da Conquista, sobre os efeitos da pandemia da Covid-19 na regi\u00e3o sudoeste.<\/p>\n<p>Na \u00faltima sexta-feira (29), Naara participou de sess\u00e3o virtual em Vit\u00f3ria da Conquista, onde fez a proposta da parceria para o presidente Luciano Gomes (PCdoB) e demais vereadores. Naquela oportunidade, a presidenta falou sobre a preocupa\u00e7\u00e3o da Casa Legislativa de Itapetinga com os impactos da pandemia do novo coronav\u00edrus na regi\u00e3o.<\/p>\n<p>Entre os principais efeitos da pandemia na regi\u00e3o de Itapetinga est\u00e1 a crise econ\u00f4mica, que tem gerado uma onda de demiss\u00f5es na ind\u00fastria cal\u00e7adista. Em audi\u00eancia p\u00fablica virtual, realizada pela C\u00e2mara de Vereadores de Itapetinga, no dia 22 de maio, o assessor jur\u00eddico do Sindicato de Verdade, Br\u00e1ulio Ferraz, informou que 2.800 postos de trabalho haviam sido encerrados na regi\u00e3o. O sindicato j\u00e1 estimava que cerca de R$ 3,2 milh\u00f5es estariam deixando de circular mensalmente na regi\u00e3o s\u00f3 em folhas de pagamento de empresas como a Renata Melo, do Grupo Suzana Santos, que fechou as seis unidades instaladas na Bahia, nos munic\u00edpios de Maiquinique, Itarantim, Potiragu\u00e1, Macarani e Itapetinga (duas plantas).<\/p>\n<p>Dias depois, foi anunciada a demiss\u00e3o de cerca de 600 colaboradores da f\u00e1brica da Vulcabras\/Azaleia instalada em Itapetinga, atingindo funcion\u00e1rios residentes em Itamb\u00e9, Caatiba, Macarani, Itoror\u00f3 e Firmino Alves.<\/p>\n<p>A audi\u00eancia p\u00fablica virtual sobre os efeitos da pandemia da Covid-19 na regi\u00e3o sudoeste da Bahia contar\u00e1 com a participa\u00e7\u00e3o de prefeitos e presidentes de C\u00e2maras Municipais\u00a0 e ser\u00e1 transmitida, ao vivo, pelos seguintes canais de comunica\u00e7\u00e3o:<\/p>\n<ul>\n<li>Live no Facebook da C\u00e2mara Municipal de Vit\u00f3ria da Conquista<\/li>\n<\/ul>\n<p><a href=\"https:\/\/www.facebook.com\/camaravc\/\">https:\/\/www.facebook.com\/camaravc\/<\/a><\/p>\n<ul>\n<li>Radio Web da C\u00e2mara Municipal de Vit\u00f3ria da Conquista<\/li>\n<\/ul>\n<p><a href=\"http:\/\/www.camaravc.com.br\/\">http:\/\/www.camaravc.com.br<\/a><\/p>\n<ul>\n<li>Live no canal oficial da C\u00e2mara de Itapetinga no YouTube<\/li>\n<\/ul>\n<p><a href=\"https:\/\/www.youtube.com\/TVC%C3%A2maraItapetinga\">https:\/\/www.youtube.com\/TVC\u00e2maraItapetinga\u00a0<\/a><\/p>\n<ul>\n<li>Radio Fascina\u00e7\u00e3o AM 1080 \u2013 No seu r\u00e1dio<\/li>\n<\/ul>\n<p><a href=\"https:\/\/www.radiofascinacao.com.br\/\">https:\/\/www.radiofascinacao.com.br\/<\/a><\/p>\n","protected":false},"excerpt":{"rendered":"<p>A presidente da C\u00e2mara Municipal de Itapetinga, Naara Duarte (PSC), convida toda a popula\u00e7\u00e3o a acompanhar, nesta quinta-feira (4), \u00e0s 14 horas, a audi\u00eancia p\u00fablica virtual, realizada em parceria com a C\u00e2mara de Vereadores de Vit\u00f3ria da Conquista, sobre os efeitos da pandemia da Covid-19 na regi\u00e3o sudoeste. Na \u00faltima sexta-feira (29), Naara participou de [&hellip;]<\/p>\n","protected":false},"author":2,"featured_media":87227,"comment_status":"open","ping_status":"open","sticky":false,"template":"","format":"standard","meta":{"footnotes":"","_links_to":"","_links_to_target":""},"categories":[1],"tags":[],"class_list":["post-87225","post","type-post","status-publish","format-standard","has-post-thumbnail","hentry","category-geral"],"views":877,"_links":{"self":[{"href":"https:\/\/www.sudoestehoje.com.br\/novoportal\/wp-json\/wp\/v2\/posts\/87225","targetHints":{"allow":["GET"]}}],"collection":[{"href":"https:\/\/www.sudoestehoje.com.br\/novoportal\/wp-json\/wp\/v2\/posts"}],"about":[{"href":"https:\/\/www.sudoestehoje.com.br\/novoportal\/wp-json\/wp\/v2\/types\/post"}],"author":[{"embeddable":true,"href":"https:\/\/www.sudoestehoje.com.br\/novoportal\/wp-json\/wp\/v2\/users\/2"}],"replies":[{"embeddable":true,"href":"https:\/\/www.sudoestehoje.com.br\/novoportal\/wp-json\/wp\/v2\/comments?post=87225"}],"version-history":[{"count":2,"href":"https:\/\/www.sudoestehoje.com.br\/novoportal\/wp-json\/wp\/v2\/posts\/87225\/revisions"}],"predecessor-version":[{"id":87228,"href":"https:\/\/www.sudoestehoje.com.br\/novoportal\/wp-json\/wp\/v2\/posts\/87225\/revisions\/87228"}],"wp:featuredmedia":[{"embeddable":true,"href":"https:\/\/www.sudoestehoje.com.br\/novoportal\/wp-json\/wp\/v2\/media\/87227"}],"wp:attachment":[{"href":"https:\/\/www.sudoestehoje.com.br\/novoportal\/wp-json\/wp\/v2\/media?parent=87225"}],"wp:term":[{"taxonomy":"category","embeddable":true,"href":"https:\/\/www.sudoestehoje.com.br\/novoportal\/wp-json\/wp\/v2\/categories?post=87225"},{"taxonomy":"post_tag","embeddable":true,"href":"https:\/\/www.sudoestehoje.com.br\/novoportal\/wp-json\/wp\/v2\/tags?post=87225"}],"curies":[{"name":"wp","href":"https:\/\/api.w.org\/{rel}","templated":true}]}}