
{"id":87221,"date":"2020-06-03T17:50:23","date_gmt":"2020-06-03T20:50:23","guid":{"rendered":"https:\/\/www.sudoestehoje.com.br\/novoportal\/?p=87221"},"modified":"2020-06-03T17:50:23","modified_gmt":"2020-06-03T20:50:23","slug":"itapetinga-professora-ieda-e-a-nova-secretaria-de-educacao-do-municipio","status":"publish","type":"post","link":"https:\/\/www.sudoestehoje.com.br\/novoportal\/2020\/06\/03\/itapetinga-professora-ieda-e-a-nova-secretaria-de-educacao-do-municipio\/","title":{"rendered":"ITAPETINGA: PROFESSORA I\u00caDA \u00c9 A NOVA SECRET\u00c1RIA DE EDUCA\u00c7\u00c3O DO MUNIC\u00cdPIO"},"content":{"rendered":"<p><a href=\"https:\/\/www.sudoestehoje.com.br\/novoportal\/wp-content\/uploads\/2020\/06\/ESCOLAS-DE-TEMPO-INTEGRAL3.jpg\"><img loading=\"lazy\" decoding=\"async\" class=\"aligncenter size-medium wp-image-87223\" src=\"https:\/\/www.sudoestehoje.com.br\/novoportal\/wp-content\/uploads\/2020\/06\/ESCOLAS-DE-TEMPO-INTEGRAL3-500x375.jpg\" alt=\"\" width=\"500\" height=\"375\" srcset=\"https:\/\/www.sudoestehoje.com.br\/novoportal\/wp-content\/uploads\/2020\/06\/ESCOLAS-DE-TEMPO-INTEGRAL3-500x375.jpg 500w, https:\/\/www.sudoestehoje.com.br\/novoportal\/wp-content\/uploads\/2020\/06\/ESCOLAS-DE-TEMPO-INTEGRAL3-700x525.jpg 700w, https:\/\/www.sudoestehoje.com.br\/novoportal\/wp-content\/uploads\/2020\/06\/ESCOLAS-DE-TEMPO-INTEGRAL3-768x576.jpg 768w, https:\/\/www.sudoestehoje.com.br\/novoportal\/wp-content\/uploads\/2020\/06\/ESCOLAS-DE-TEMPO-INTEGRAL3.jpg 1032w\" sizes=\"auto, (max-width: 500px) 100vw, 500px\" \/><\/a><\/p>\n<p>Atrav\u00e9s do Decreto Municipal n\u00ba 108\/20, baixado pelo prefeito Rodrigo Hagge na tarde desta quarta-feira (3), a professora I\u00caDA MARIA DA SILVA XAVIER DE CARVALHO foi nomeada como sucessora do professor Geraldo Trindade, que deixou o cargo de Secret\u00e1rio Municipal de Educa\u00e7\u00e3o, nesta data.<\/p>\n<p>Emedebista hist\u00f3rica, a professora I\u00eada j\u00e1 vinha ocupando a fun\u00e7\u00e3o de diretora na Secretaria de Educa\u00e7\u00e3o e goza da confian\u00e7a das lideran\u00e7as pol\u00edticas do MDB e de todos os apoiadores do prefeito Rodrigo Hagge.<\/p>\n<p>Um excelente nome que veio para somar. Confira Decreto:<\/p>\n<p><a href=\"https:\/\/www.sudoestehoje.com.br\/novoportal\/wp-content\/uploads\/2020\/06\/decreto-ieda.jpeg\"><img loading=\"lazy\" decoding=\"async\" class=\"aligncenter size-medium wp-image-87222\" src=\"https:\/\/www.sudoestehoje.com.br\/novoportal\/wp-content\/uploads\/2020\/06\/decreto-ieda-500x691.jpeg\" alt=\"\" width=\"500\" height=\"691\" srcset=\"https:\/\/www.sudoestehoje.com.br\/novoportal\/wp-content\/uploads\/2020\/06\/decreto-ieda-500x691.jpeg 500w, https:\/\/www.sudoestehoje.com.br\/novoportal\/wp-content\/uploads\/2020\/06\/decreto-ieda.jpeg 651w\" sizes=\"auto, (max-width: 500px) 100vw, 500px\" \/><\/a><\/p>\n<p>&nbsp;<\/p>\n","protected":false},"excerpt":{"rendered":"<p>Atrav\u00e9s do Decreto Municipal n\u00ba 108\/20, baixado pelo prefeito Rodrigo Hagge na tarde desta quarta-feira (3), a professora I\u00caDA MARIA DA SILVA XAVIER DE CARVALHO foi nomeada como sucessora do professor Geraldo Trindade, que deixou o cargo de Secret\u00e1rio Municipal de Educa\u00e7\u00e3o, nesta data. Emedebista hist\u00f3rica, a professora I\u00eada j\u00e1 vinha ocupando a fun\u00e7\u00e3o de [&hellip;]<\/p>\n","protected":false},"author":2,"featured_media":87223,"comment_status":"open","ping_status":"open","sticky":false,"template":"","format":"standard","meta":{"footnotes":"","_links_to":"","_links_to_target":""},"categories":[1],"tags":[],"class_list":["post-87221","post","type-post","status-publish","format-standard","has-post-thumbnail","hentry","category-geral"],"views":2297,"_links":{"self":[{"href":"https:\/\/www.sudoestehoje.com.br\/novoportal\/wp-json\/wp\/v2\/posts\/87221","targetHints":{"allow":["GET"]}}],"collection":[{"href":"https:\/\/www.sudoestehoje.com.br\/novoportal\/wp-json\/wp\/v2\/posts"}],"about":[{"href":"https:\/\/www.sudoestehoje.com.br\/novoportal\/wp-json\/wp\/v2\/types\/post"}],"author":[{"embeddable":true,"href":"https:\/\/www.sudoestehoje.com.br\/novoportal\/wp-json\/wp\/v2\/users\/2"}],"replies":[{"embeddable":true,"href":"https:\/\/www.sudoestehoje.com.br\/novoportal\/wp-json\/wp\/v2\/comments?post=87221"}],"version-history":[{"count":1,"href":"https:\/\/www.sudoestehoje.com.br\/novoportal\/wp-json\/wp\/v2\/posts\/87221\/revisions"}],"predecessor-version":[{"id":87224,"href":"https:\/\/www.sudoestehoje.com.br\/novoportal\/wp-json\/wp\/v2\/posts\/87221\/revisions\/87224"}],"wp:featuredmedia":[{"embeddable":true,"href":"https:\/\/www.sudoestehoje.com.br\/novoportal\/wp-json\/wp\/v2\/media\/87223"}],"wp:attachment":[{"href":"https:\/\/www.sudoestehoje.com.br\/novoportal\/wp-json\/wp\/v2\/media?parent=87221"}],"wp:term":[{"taxonomy":"category","embeddable":true,"href":"https:\/\/www.sudoestehoje.com.br\/novoportal\/wp-json\/wp\/v2\/categories?post=87221"},{"taxonomy":"post_tag","embeddable":true,"href":"https:\/\/www.sudoestehoje.com.br\/novoportal\/wp-json\/wp\/v2\/tags?post=87221"}],"curies":[{"name":"wp","href":"https:\/\/api.w.org\/{rel}","templated":true}]}}