
{"id":87201,"date":"2020-06-02T21:48:39","date_gmt":"2020-06-03T00:48:39","guid":{"rendered":"https:\/\/www.sudoestehoje.com.br\/novoportal\/?p=87201"},"modified":"2020-06-02T21:48:39","modified_gmt":"2020-06-03T00:48:39","slug":"sobe-para-5-os-casos-da-covid-19-em-ibicui","status":"publish","type":"post","link":"https:\/\/www.sudoestehoje.com.br\/novoportal\/2020\/06\/02\/sobe-para-5-os-casos-da-covid-19-em-ibicui\/","title":{"rendered":"SOBE PARA 5 OS CASOS DA COVID-19 EM IBICU\u00cd"},"content":{"rendered":"<p><a href=\"https:\/\/www.sudoestehoje.com.br\/novoportal\/wp-content\/uploads\/2020\/06\/covid-ibicui-1.jpeg\"><img loading=\"lazy\" decoding=\"async\" class=\"aligncenter size-medium wp-image-87203\" src=\"https:\/\/www.sudoestehoje.com.br\/novoportal\/wp-content\/uploads\/2020\/06\/covid-ibicui-1-500x500.jpeg\" alt=\"\" width=\"500\" height=\"500\" srcset=\"https:\/\/www.sudoestehoje.com.br\/novoportal\/wp-content\/uploads\/2020\/06\/covid-ibicui-1-500x500.jpeg 500w, https:\/\/www.sudoestehoje.com.br\/novoportal\/wp-content\/uploads\/2020\/06\/covid-ibicui-1-700x700.jpeg 700w, https:\/\/www.sudoestehoje.com.br\/novoportal\/wp-content\/uploads\/2020\/06\/covid-ibicui-1-150x150.jpeg 150w, https:\/\/www.sudoestehoje.com.br\/novoportal\/wp-content\/uploads\/2020\/06\/covid-ibicui-1.jpeg 720w\" sizes=\"auto, (max-width: 500px) 100vw, 500px\" \/><\/a><\/p>\n<p>Na noite desta ter\u00e7a-feira, a prefeitura de Ibicu\u00ed divulgou novo boletim com mais 4 casos confirmados de Coronav\u00edrus confirmados por exames laboratoriais e teste r\u00e1pido.<\/p>\n<p>A infesta\u00e7\u00e3o do novo v\u00edrus em cidades de menor porte, como Ibicu\u00ed, Macarani, Maiquinique, Itarantim, Igua\u00ed, Potiragu\u00e1 e Maiquinique come\u00e7a a preocupar todo o M\u00e9dio Sudoeste, regi\u00e3o onde a Covid-19 ainda n\u00e3o havia chegado com muita for\u00e7a.<\/p>\n<p>Entretanto, o sul e extremo-sul do estado vem sendo mais atingidos, com n\u00fameros alarmantes de infesta\u00e7\u00e3o, e o v\u00edrus come\u00e7a a se espalhar para outras regi\u00f5es pr\u00f3ximas.<\/p>\n<p>A circula\u00e7\u00e3o de pessoas do M\u00e9dio Sudoeste para Itabuna, Ilh\u00e9us e outras cidades do sul do estado deve ser evitada, a todo custo.<\/p>\n<p><strong><em>Por Davi Ferraz<\/em><\/strong><\/p>\n","protected":false},"excerpt":{"rendered":"<p>Na noite desta ter\u00e7a-feira, a prefeitura de Ibicu\u00ed divulgou novo boletim com mais 4 casos confirmados de Coronav\u00edrus confirmados por exames laboratoriais e teste r\u00e1pido. A infesta\u00e7\u00e3o do novo v\u00edrus em cidades de menor porte, como Ibicu\u00ed, Macarani, Maiquinique, Itarantim, Igua\u00ed, Potiragu\u00e1 e Maiquinique come\u00e7a a preocupar todo o M\u00e9dio Sudoeste, regi\u00e3o onde a Covid-19 [&hellip;]<\/p>\n","protected":false},"author":2,"featured_media":87203,"comment_status":"open","ping_status":"open","sticky":false,"template":"","format":"standard","meta":{"footnotes":"","_links_to":"","_links_to_target":""},"categories":[1],"tags":[],"class_list":["post-87201","post","type-post","status-publish","format-standard","has-post-thumbnail","hentry","category-geral"],"views":1509,"_links":{"self":[{"href":"https:\/\/www.sudoestehoje.com.br\/novoportal\/wp-json\/wp\/v2\/posts\/87201","targetHints":{"allow":["GET"]}}],"collection":[{"href":"https:\/\/www.sudoestehoje.com.br\/novoportal\/wp-json\/wp\/v2\/posts"}],"about":[{"href":"https:\/\/www.sudoestehoje.com.br\/novoportal\/wp-json\/wp\/v2\/types\/post"}],"author":[{"embeddable":true,"href":"https:\/\/www.sudoestehoje.com.br\/novoportal\/wp-json\/wp\/v2\/users\/2"}],"replies":[{"embeddable":true,"href":"https:\/\/www.sudoestehoje.com.br\/novoportal\/wp-json\/wp\/v2\/comments?post=87201"}],"version-history":[{"count":3,"href":"https:\/\/www.sudoestehoje.com.br\/novoportal\/wp-json\/wp\/v2\/posts\/87201\/revisions"}],"predecessor-version":[{"id":87205,"href":"https:\/\/www.sudoestehoje.com.br\/novoportal\/wp-json\/wp\/v2\/posts\/87201\/revisions\/87205"}],"wp:featuredmedia":[{"embeddable":true,"href":"https:\/\/www.sudoestehoje.com.br\/novoportal\/wp-json\/wp\/v2\/media\/87203"}],"wp:attachment":[{"href":"https:\/\/www.sudoestehoje.com.br\/novoportal\/wp-json\/wp\/v2\/media?parent=87201"}],"wp:term":[{"taxonomy":"category","embeddable":true,"href":"https:\/\/www.sudoestehoje.com.br\/novoportal\/wp-json\/wp\/v2\/categories?post=87201"},{"taxonomy":"post_tag","embeddable":true,"href":"https:\/\/www.sudoestehoje.com.br\/novoportal\/wp-json\/wp\/v2\/tags?post=87201"}],"curies":[{"name":"wp","href":"https:\/\/api.w.org\/{rel}","templated":true}]}}