
{"id":87194,"date":"2020-06-02T21:18:24","date_gmt":"2020-06-03T00:18:24","guid":{"rendered":"https:\/\/www.sudoestehoje.com.br\/novoportal\/?p=87194"},"modified":"2020-06-02T21:28:11","modified_gmt":"2020-06-03T00:28:11","slug":"deputado-paulo-camara-manifesta-apoio-a-reeleicao-de-rodrigo-hagge","status":"publish","type":"post","link":"https:\/\/www.sudoestehoje.com.br\/novoportal\/2020\/06\/02\/deputado-paulo-camara-manifesta-apoio-a-reeleicao-de-rodrigo-hagge\/","title":{"rendered":"DEPUTADO PAULO C\u00c2MARA MANIFESTA APOIO \u00c0 REELEI\u00c7\u00c3O DE RODRIGO HAGGE"},"content":{"rendered":"<p><a href=\"https:\/\/www.sudoestehoje.com.br\/novoportal\/wp-content\/uploads\/2020\/06\/PAULO-C\u00c2MARA.jpeg\"><img loading=\"lazy\" decoding=\"async\" class=\"aligncenter size-full wp-image-87198\" src=\"https:\/\/www.sudoestehoje.com.br\/novoportal\/wp-content\/uploads\/2020\/06\/PAULO-C\u00c2MARA.jpeg\" alt=\"\" width=\"446\" height=\"416\" \/><\/a><\/p>\n<p>O deputado estadual, Paulo C\u00e2mara (PSDB) participou, nesta ter\u00e7a-feira (2), do programa \u201cPodcast 94,\u201d, apresentado pelo jornalista Lucas Aguiar na R\u00e1dio Cidade FM._<\/p>\n<p>Na oportunidade, o parlamentar realizou uma avalia\u00e7\u00e3o do seu mandato, como as a\u00e7\u00f5es em combate ao Covid-19, al\u00e9m de comentar sobre as Elei\u00e7\u00f5es 2020.<\/p>\n<p>Paulo C\u00e2mara manifestou ser favor\u00e1vel \u00e0s elei\u00e7\u00f5es municipais, a serem realizadas ainda esse ano.<\/p>\n<p>Ele refor\u00e7ou o seu apoio integral ao vereador itambeense Bruno Lopes (PSD), candidato a reelei\u00e7\u00e3o, e afirmou a sua prefer\u00eancia na pol\u00edtica em Itapetinga.<\/p>\n<p><em>\u201dSe depender de Paulo C\u00e2mara, o PSDB de Itapetinga apoia a reelei\u00e7\u00e3o do prefeito Rodrigo; uma boa administra\u00e7\u00e3o deve permanecer\u201d<\/em>, finalizou.<\/p>\n<p>Nas elei\u00e7\u00f5es municipais de 2016 o deputado Paulo C\u00e2mara apoiou a candidatura a prefeito de Adriano Alc\u00e2ntara (PSDB).<\/p>\n<p><strong><em>Texto Lucas Aguiar<\/em><\/strong><\/p>\n","protected":false},"excerpt":{"rendered":"<p>O deputado estadual, Paulo C\u00e2mara (PSDB) participou, nesta ter\u00e7a-feira (2), do programa \u201cPodcast 94,\u201d, apresentado pelo jornalista Lucas Aguiar na R\u00e1dio Cidade FM._ Na oportunidade, o parlamentar realizou uma avalia\u00e7\u00e3o do seu mandato, como as a\u00e7\u00f5es em combate ao Covid-19, al\u00e9m de comentar sobre as Elei\u00e7\u00f5es 2020. Paulo C\u00e2mara manifestou ser favor\u00e1vel \u00e0s elei\u00e7\u00f5es municipais, [&hellip;]<\/p>\n","protected":false},"author":2,"featured_media":87198,"comment_status":"open","ping_status":"open","sticky":false,"template":"","format":"standard","meta":{"footnotes":"","_links_to":"","_links_to_target":""},"categories":[1],"tags":[],"class_list":["post-87194","post","type-post","status-publish","format-standard","has-post-thumbnail","hentry","category-geral"],"views":931,"_links":{"self":[{"href":"https:\/\/www.sudoestehoje.com.br\/novoportal\/wp-json\/wp\/v2\/posts\/87194","targetHints":{"allow":["GET"]}}],"collection":[{"href":"https:\/\/www.sudoestehoje.com.br\/novoportal\/wp-json\/wp\/v2\/posts"}],"about":[{"href":"https:\/\/www.sudoestehoje.com.br\/novoportal\/wp-json\/wp\/v2\/types\/post"}],"author":[{"embeddable":true,"href":"https:\/\/www.sudoestehoje.com.br\/novoportal\/wp-json\/wp\/v2\/users\/2"}],"replies":[{"embeddable":true,"href":"https:\/\/www.sudoestehoje.com.br\/novoportal\/wp-json\/wp\/v2\/comments?post=87194"}],"version-history":[{"count":5,"href":"https:\/\/www.sudoestehoje.com.br\/novoportal\/wp-json\/wp\/v2\/posts\/87194\/revisions"}],"predecessor-version":[{"id":87200,"href":"https:\/\/www.sudoestehoje.com.br\/novoportal\/wp-json\/wp\/v2\/posts\/87194\/revisions\/87200"}],"wp:featuredmedia":[{"embeddable":true,"href":"https:\/\/www.sudoestehoje.com.br\/novoportal\/wp-json\/wp\/v2\/media\/87198"}],"wp:attachment":[{"href":"https:\/\/www.sudoestehoje.com.br\/novoportal\/wp-json\/wp\/v2\/media?parent=87194"}],"wp:term":[{"taxonomy":"category","embeddable":true,"href":"https:\/\/www.sudoestehoje.com.br\/novoportal\/wp-json\/wp\/v2\/categories?post=87194"},{"taxonomy":"post_tag","embeddable":true,"href":"https:\/\/www.sudoestehoje.com.br\/novoportal\/wp-json\/wp\/v2\/tags?post=87194"}],"curies":[{"name":"wp","href":"https:\/\/api.w.org\/{rel}","templated":true}]}}