
{"id":87186,"date":"2020-06-02T20:18:04","date_gmt":"2020-06-02T23:18:04","guid":{"rendered":"https:\/\/www.sudoestehoje.com.br\/novoportal\/?p=87186"},"modified":"2020-06-02T20:40:39","modified_gmt":"2020-06-02T23:40:39","slug":"sobe-para-19-o-numero-de-casos-da-covid-19-em-itapetinga-novo-paciente-tem-57-anos","status":"publish","type":"post","link":"https:\/\/www.sudoestehoje.com.br\/novoportal\/2020\/06\/02\/sobe-para-19-o-numero-de-casos-da-covid-19-em-itapetinga-novo-paciente-tem-57-anos\/","title":{"rendered":"SOBE PARA 19 O N\u00daMERO DE CASOS DA COVID-19 EM ITAPETINGA; NOVO PACIENTE TEM 57 ANOS"},"content":{"rendered":"<p><a href=\"https:\/\/www.sudoestehoje.com.br\/novoportal\/wp-content\/uploads\/2020\/06\/itapetinga_divulga\u00e7\u00e3o-900x615-1.jpg\"><img loading=\"lazy\" decoding=\"async\" class=\"aligncenter size-medium wp-image-87189\" src=\"https:\/\/www.sudoestehoje.com.br\/novoportal\/wp-content\/uploads\/2020\/06\/itapetinga_divulga\u00e7\u00e3o-900x615-1-500x342.jpg\" alt=\"\" width=\"500\" height=\"342\" srcset=\"https:\/\/www.sudoestehoje.com.br\/novoportal\/wp-content\/uploads\/2020\/06\/itapetinga_divulga\u00e7\u00e3o-900x615-1-500x342.jpg 500w, https:\/\/www.sudoestehoje.com.br\/novoportal\/wp-content\/uploads\/2020\/06\/itapetinga_divulga\u00e7\u00e3o-900x615-1-700x478.jpg 700w, https:\/\/www.sudoestehoje.com.br\/novoportal\/wp-content\/uploads\/2020\/06\/itapetinga_divulga\u00e7\u00e3o-900x615-1-768x525.jpg 768w, https:\/\/www.sudoestehoje.com.br\/novoportal\/wp-content\/uploads\/2020\/06\/itapetinga_divulga\u00e7\u00e3o-900x615-1.jpg 900w\" sizes=\"auto, (max-width: 500px) 100vw, 500px\" \/><\/a><\/p>\n<p>Mais um caso de contamina\u00e7\u00e3o por Covid-19 em Itapetinga foi notificado nesta ter\u00e7a-feira (2), pela Secretaria Municipal de Sa\u00fade.<\/p>\n<p>Trata-se de um homem de 57 anos que apresentou sintomas do novo v\u00edrus, como tosse e perda do paladar e olfato. Ap\u00f3s 5 dias com esses sintomas, o paciente procurou uma unidade de sa\u00fade e fez a coleta do material para teste.<\/p>\n<p>Nesta ter\u00e7a, saiu o resultado do Lacen, com resultado positivo para o novo v\u00edrus.<\/p>\n<p>De acordo com a Secretaria de Sa\u00fade do munic\u00edpio, o paciente est\u00e1 em isolamento domiciliar e se recupera bem.<\/p>\n<p>Com mais esse resultado, Itapetinga agora contabiliza 19 casos confirmados de Coronav\u00edrus. <em>Veja boletim:<\/em><\/p>\n<p><a href=\"https:\/\/www.sudoestehoje.com.br\/novoportal\/wp-content\/uploads\/2020\/06\/BOLETIM-19.jpg\"><img loading=\"lazy\" decoding=\"async\" class=\"aligncenter size-medium wp-image-87192\" src=\"https:\/\/www.sudoestehoje.com.br\/novoportal\/wp-content\/uploads\/2020\/06\/BOLETIM-19-394x700.jpg\" alt=\"\" width=\"394\" height=\"700\" srcset=\"https:\/\/www.sudoestehoje.com.br\/novoportal\/wp-content\/uploads\/2020\/06\/BOLETIM-19-394x700.jpg 394w, https:\/\/www.sudoestehoje.com.br\/novoportal\/wp-content\/uploads\/2020\/06\/BOLETIM-19-506x900.jpg 506w, https:\/\/www.sudoestehoje.com.br\/novoportal\/wp-content\/uploads\/2020\/06\/BOLETIM-19.jpg 720w\" sizes=\"auto, (max-width: 394px) 100vw, 394px\" \/><\/a><\/p>\n","protected":false},"excerpt":{"rendered":"<p>Mais um caso de contamina\u00e7\u00e3o por Covid-19 em Itapetinga foi notificado nesta ter\u00e7a-feira (2), pela Secretaria Municipal de Sa\u00fade. Trata-se de um homem de 57 anos que apresentou sintomas do novo v\u00edrus, como tosse e perda do paladar e olfato. Ap\u00f3s 5 dias com esses sintomas, o paciente procurou uma unidade de sa\u00fade e fez [&hellip;]<\/p>\n","protected":false},"author":2,"featured_media":87189,"comment_status":"open","ping_status":"open","sticky":false,"template":"","format":"standard","meta":{"footnotes":"","_links_to":"","_links_to_target":""},"categories":[1],"tags":[],"class_list":["post-87186","post","type-post","status-publish","format-standard","has-post-thumbnail","hentry","category-geral"],"views":1496,"_links":{"self":[{"href":"https:\/\/www.sudoestehoje.com.br\/novoportal\/wp-json\/wp\/v2\/posts\/87186","targetHints":{"allow":["GET"]}}],"collection":[{"href":"https:\/\/www.sudoestehoje.com.br\/novoportal\/wp-json\/wp\/v2\/posts"}],"about":[{"href":"https:\/\/www.sudoestehoje.com.br\/novoportal\/wp-json\/wp\/v2\/types\/post"}],"author":[{"embeddable":true,"href":"https:\/\/www.sudoestehoje.com.br\/novoportal\/wp-json\/wp\/v2\/users\/2"}],"replies":[{"embeddable":true,"href":"https:\/\/www.sudoestehoje.com.br\/novoportal\/wp-json\/wp\/v2\/comments?post=87186"}],"version-history":[{"count":5,"href":"https:\/\/www.sudoestehoje.com.br\/novoportal\/wp-json\/wp\/v2\/posts\/87186\/revisions"}],"predecessor-version":[{"id":87193,"href":"https:\/\/www.sudoestehoje.com.br\/novoportal\/wp-json\/wp\/v2\/posts\/87186\/revisions\/87193"}],"wp:featuredmedia":[{"embeddable":true,"href":"https:\/\/www.sudoestehoje.com.br\/novoportal\/wp-json\/wp\/v2\/media\/87189"}],"wp:attachment":[{"href":"https:\/\/www.sudoestehoje.com.br\/novoportal\/wp-json\/wp\/v2\/media?parent=87186"}],"wp:term":[{"taxonomy":"category","embeddable":true,"href":"https:\/\/www.sudoestehoje.com.br\/novoportal\/wp-json\/wp\/v2\/categories?post=87186"},{"taxonomy":"post_tag","embeddable":true,"href":"https:\/\/www.sudoestehoje.com.br\/novoportal\/wp-json\/wp\/v2\/tags?post=87186"}],"curies":[{"name":"wp","href":"https:\/\/api.w.org\/{rel}","templated":true}]}}