
{"id":87177,"date":"2020-06-02T18:21:31","date_gmt":"2020-06-02T21:21:31","guid":{"rendered":"https:\/\/www.sudoestehoje.com.br\/novoportal\/?p=87177"},"modified":"2020-06-02T18:21:31","modified_gmt":"2020-06-02T21:21:31","slug":"governador-rui-costa-manda-trancar-todo-o-extremo-sul-para-conter-o-coronavirus","status":"publish","type":"post","link":"https:\/\/www.sudoestehoje.com.br\/novoportal\/2020\/06\/02\/governador-rui-costa-manda-trancar-todo-o-extremo-sul-para-conter-o-coronavirus\/","title":{"rendered":"GOVERNADOR RUI COSTA MANDA TRANCAR TODO O EXTREMO SUL PARA CONTER O CORONAV\u00cdRUS"},"content":{"rendered":"<p><a href=\"https:\/\/www.sudoestehoje.com.br\/novoportal\/wp-content\/uploads\/2020\/06\/rui-costa.jpg\"><img loading=\"lazy\" decoding=\"async\" class=\"aligncenter size-medium wp-image-87179\" src=\"https:\/\/www.sudoestehoje.com.br\/novoportal\/wp-content\/uploads\/2020\/06\/rui-costa-500x297.jpg\" alt=\"\" width=\"500\" height=\"297\" srcset=\"https:\/\/www.sudoestehoje.com.br\/novoportal\/wp-content\/uploads\/2020\/06\/rui-costa-500x297.jpg 500w, https:\/\/www.sudoestehoje.com.br\/novoportal\/wp-content\/uploads\/2020\/06\/rui-costa-700x416.jpg 700w, https:\/\/www.sudoestehoje.com.br\/novoportal\/wp-content\/uploads\/2020\/06\/rui-costa-768x457.jpg 768w, https:\/\/www.sudoestehoje.com.br\/novoportal\/wp-content\/uploads\/2020\/06\/rui-costa.jpg 984w\" sizes=\"auto, (max-width: 500px) 100vw, 500px\" \/><\/a><\/p>\n<p>Todas as cidades do extremo sul da Bahia \u2013 <strong>Alcoba\u00e7a, Belmonte, Caravelas, Eun\u00e1polis, Guaratinga, Ibirapu\u00e3, Itabela, Itagimirim, Itamaraju, Itanh\u00e9m, Itapebi, Jucuru\u00e7u, Lajed\u00e3o, Medeiros Neto, Mucuri, Nova Vi\u00e7osa, Porto Seguro, Prado, Santa Cruz Cabr\u00e1lia, Teixeira de Freitas e Vereda<\/strong> \u2013 ter\u00e3o toque de recolher a partir de amanh\u00e3 (3), at\u00e9 a pr\u00f3xima ter\u00e7a-feira (9).<\/p>\n<p>De acordo com o governador Rui Costa, a circula\u00e7\u00e3o de pessoas s\u00f3 ser\u00e1 permitida at\u00e9 \u00e0s 18h \u2013 excetuando-se quem vai a servi\u00e7os essenciais \u00a0ou precisa trabalhar. Em coletiva, o governador da Bahia anunciou ainda a abertura do hospital de campanha em Teixeira de Freitas at\u00e9 o fim desta semana.<\/p>\n<p>\u201cNa pr\u00f3xima quinta ou sexta vamos abrir o hospital de campanha em Teixeira de Freitas. A prefeitura vai ser acionada para acertar os \u00faltimos detalhes e s\u00e3o mais 20 leitos de UTI. Essa semana a Suzano entrega os respiradores e vamos abrir\u201d, afirmou.<\/p>\n<p>Rui sinalizou ainda que duas cidades da regi\u00e3o preocupam mais: Teixeira de Freitas e Nova Vi\u00e7osa. \u201cEm Teixeira, estamos com quase 20% de taxa de transmiss\u00e3o e em Nova Vi\u00e7osa estamos com 28%. Na Bahia, a m\u00e9dia \u00e9 menos de 5%\u201d, comparou.<\/p>\n","protected":false},"excerpt":{"rendered":"<p>Todas as cidades do extremo sul da Bahia \u2013 Alcoba\u00e7a, Belmonte, Caravelas, Eun\u00e1polis, Guaratinga, Ibirapu\u00e3, Itabela, Itagimirim, Itamaraju, Itanh\u00e9m, Itapebi, Jucuru\u00e7u, Lajed\u00e3o, Medeiros Neto, Mucuri, Nova Vi\u00e7osa, Porto Seguro, Prado, Santa Cruz Cabr\u00e1lia, Teixeira de Freitas e Vereda \u2013 ter\u00e3o toque de recolher a partir de amanh\u00e3 (3), at\u00e9 a pr\u00f3xima ter\u00e7a-feira (9). De acordo [&hellip;]<\/p>\n","protected":false},"author":2,"featured_media":87179,"comment_status":"open","ping_status":"open","sticky":false,"template":"","format":"standard","meta":{"footnotes":"","_links_to":"","_links_to_target":""},"categories":[1],"tags":[],"class_list":["post-87177","post","type-post","status-publish","format-standard","has-post-thumbnail","hentry","category-geral"],"views":1793,"_links":{"self":[{"href":"https:\/\/www.sudoestehoje.com.br\/novoportal\/wp-json\/wp\/v2\/posts\/87177","targetHints":{"allow":["GET"]}}],"collection":[{"href":"https:\/\/www.sudoestehoje.com.br\/novoportal\/wp-json\/wp\/v2\/posts"}],"about":[{"href":"https:\/\/www.sudoestehoje.com.br\/novoportal\/wp-json\/wp\/v2\/types\/post"}],"author":[{"embeddable":true,"href":"https:\/\/www.sudoestehoje.com.br\/novoportal\/wp-json\/wp\/v2\/users\/2"}],"replies":[{"embeddable":true,"href":"https:\/\/www.sudoestehoje.com.br\/novoportal\/wp-json\/wp\/v2\/comments?post=87177"}],"version-history":[{"count":2,"href":"https:\/\/www.sudoestehoje.com.br\/novoportal\/wp-json\/wp\/v2\/posts\/87177\/revisions"}],"predecessor-version":[{"id":87180,"href":"https:\/\/www.sudoestehoje.com.br\/novoportal\/wp-json\/wp\/v2\/posts\/87177\/revisions\/87180"}],"wp:featuredmedia":[{"embeddable":true,"href":"https:\/\/www.sudoestehoje.com.br\/novoportal\/wp-json\/wp\/v2\/media\/87179"}],"wp:attachment":[{"href":"https:\/\/www.sudoestehoje.com.br\/novoportal\/wp-json\/wp\/v2\/media?parent=87177"}],"wp:term":[{"taxonomy":"category","embeddable":true,"href":"https:\/\/www.sudoestehoje.com.br\/novoportal\/wp-json\/wp\/v2\/categories?post=87177"},{"taxonomy":"post_tag","embeddable":true,"href":"https:\/\/www.sudoestehoje.com.br\/novoportal\/wp-json\/wp\/v2\/tags?post=87177"}],"curies":[{"name":"wp","href":"https:\/\/api.w.org\/{rel}","templated":true}]}}