
{"id":87167,"date":"2020-06-01T21:13:00","date_gmt":"2020-06-02T00:13:00","guid":{"rendered":"https:\/\/www.sudoestehoje.com.br\/novoportal\/?p=87167"},"modified":"2020-06-01T21:13:00","modified_gmt":"2020-06-02T00:13:00","slug":"itapetinga-registra-mais-5-novos-casos-de-coronavirus-e-chega-a-18-infectados","status":"publish","type":"post","link":"https:\/\/www.sudoestehoje.com.br\/novoportal\/2020\/06\/01\/itapetinga-registra-mais-5-novos-casos-de-coronavirus-e-chega-a-18-infectados\/","title":{"rendered":"ITAPETINGA REGISTRA MAIS 5 NOVOS CASOS DE CORONAV\u00cdRUS E CHEGA A 18 INFECTADOS"},"content":{"rendered":"<p><a href=\"https:\/\/www.sudoestehoje.com.br\/novoportal\/wp-content\/uploads\/2020\/06\/ITAP-PRA\u00c7A.jpg\"><img loading=\"lazy\" decoding=\"async\" class=\"aligncenter size-medium wp-image-87169\" src=\"https:\/\/www.sudoestehoje.com.br\/novoportal\/wp-content\/uploads\/2020\/06\/ITAP-PRA\u00c7A-500x375.jpg\" alt=\"\" width=\"500\" height=\"375\" srcset=\"https:\/\/www.sudoestehoje.com.br\/novoportal\/wp-content\/uploads\/2020\/06\/ITAP-PRA\u00c7A-500x375.jpg 500w, https:\/\/www.sudoestehoje.com.br\/novoportal\/wp-content\/uploads\/2020\/06\/ITAP-PRA\u00c7A.jpg 550w\" sizes=\"auto, (max-width: 500px) 100vw, 500px\" \/><\/a><\/p>\n<p>Novos resultados de exames laboratoriais aumentam o n\u00famero de casos de Covid-19 em Itapetinga. Nesta segunda-feira (1) mais cinco casos foram confirmados pela Secretaria Municipal de Sa\u00fade.<\/p>\n<p>Duas mulheres, de 28 e 51 anos, apresentaram tosse e sintomas gripais, coletaram material de exame no in\u00edcio da semana passada e tiveram resultados positivos na tarde de hoje. Nesta segunda, tamb\u00e9m chegaram resultado de exame de dois homens, de 52 e 56 anos. O primeiro estava assintom\u00e1tico, mas por ter tido proximidade com<span class=\"text_exposed_show\">\u00a0casos com covid, resolveu fazer exame que confirmou a desconfian\u00e7a. O segundo, apresentou, no dia 17, sintomas como febre, mialgia, perda do paladar e olfato. No dia 26 coletou material para exame que, tamb\u00e9m, deu positivo.<br \/>\nMais um caso ainda est\u00e1 em investiga\u00e7\u00e3o pela Secretaria Municipal de Sa\u00fade.<\/span><\/p>\n<p><span class=\"text_exposed_show\">A popula\u00e7\u00e3o de Itapetinga tem relaxado o necess\u00e1rio isolamento social e isso pode causar uma mudan\u00e7a no cen\u00e1rio que, at\u00e9 ent\u00e3o, estava, de certa forma, controlado. <\/span><\/p>\n<p><span class=\"text_exposed_show\"><em>\u201cA gente precisa da ajuda de todos. N\u00f3s sabemos que n\u00e3o h\u00e1 outro rem\u00e9dio para o combate ao coronav\u00edrus a n\u00e3o ser o cuidado. Por isso, pedimos que as pessoas voltem a se preservar, mantendo o isolamento social, evitando ir \u00e0s ruas sem necessidade, n\u00e3o provocando aglomera\u00e7\u00f5es, usando m\u00e1scaras, respeitando as medidas de preven\u00e7\u00e3o. Nenhum cen\u00e1rio \u00e9 definitivo em uma pandemia. N\u00f3s n\u00e3o podemos relaxar. Caso contr\u00e1rio, estaremos todos correndo risco. Se cuidem, cuidem da sua fam\u00edlia e amigos. Fiquem em casa\u201d<\/em>, afirmou o prefeito ao dizer que vai estudar o novo cen\u00e1rio para novas tomadas de decis\u00e3o.<\/span><\/p>\n","protected":false},"excerpt":{"rendered":"<p>Novos resultados de exames laboratoriais aumentam o n\u00famero de casos de Covid-19 em Itapetinga. Nesta segunda-feira (1) mais cinco casos foram confirmados pela Secretaria Municipal de Sa\u00fade. Duas mulheres, de 28 e 51 anos, apresentaram tosse e sintomas gripais, coletaram material de exame no in\u00edcio da semana passada e tiveram resultados positivos na tarde de [&hellip;]<\/p>\n","protected":false},"author":2,"featured_media":87169,"comment_status":"open","ping_status":"open","sticky":false,"template":"","format":"standard","meta":{"footnotes":"","_links_to":"","_links_to_target":""},"categories":[1],"tags":[],"class_list":["post-87167","post","type-post","status-publish","format-standard","has-post-thumbnail","hentry","category-geral"],"views":1989,"_links":{"self":[{"href":"https:\/\/www.sudoestehoje.com.br\/novoportal\/wp-json\/wp\/v2\/posts\/87167","targetHints":{"allow":["GET"]}}],"collection":[{"href":"https:\/\/www.sudoestehoje.com.br\/novoportal\/wp-json\/wp\/v2\/posts"}],"about":[{"href":"https:\/\/www.sudoestehoje.com.br\/novoportal\/wp-json\/wp\/v2\/types\/post"}],"author":[{"embeddable":true,"href":"https:\/\/www.sudoestehoje.com.br\/novoportal\/wp-json\/wp\/v2\/users\/2"}],"replies":[{"embeddable":true,"href":"https:\/\/www.sudoestehoje.com.br\/novoportal\/wp-json\/wp\/v2\/comments?post=87167"}],"version-history":[{"count":2,"href":"https:\/\/www.sudoestehoje.com.br\/novoportal\/wp-json\/wp\/v2\/posts\/87167\/revisions"}],"predecessor-version":[{"id":87170,"href":"https:\/\/www.sudoestehoje.com.br\/novoportal\/wp-json\/wp\/v2\/posts\/87167\/revisions\/87170"}],"wp:featuredmedia":[{"embeddable":true,"href":"https:\/\/www.sudoestehoje.com.br\/novoportal\/wp-json\/wp\/v2\/media\/87169"}],"wp:attachment":[{"href":"https:\/\/www.sudoestehoje.com.br\/novoportal\/wp-json\/wp\/v2\/media?parent=87167"}],"wp:term":[{"taxonomy":"category","embeddable":true,"href":"https:\/\/www.sudoestehoje.com.br\/novoportal\/wp-json\/wp\/v2\/categories?post=87167"},{"taxonomy":"post_tag","embeddable":true,"href":"https:\/\/www.sudoestehoje.com.br\/novoportal\/wp-json\/wp\/v2\/tags?post=87167"}],"curies":[{"name":"wp","href":"https:\/\/api.w.org\/{rel}","templated":true}]}}