
{"id":87160,"date":"2020-06-01T20:30:13","date_gmt":"2020-06-01T23:30:13","guid":{"rendered":"https:\/\/www.sudoestehoje.com.br\/novoportal\/?p=87160"},"modified":"2020-06-01T20:33:21","modified_gmt":"2020-06-01T23:33:21","slug":"itororo-prefeito-adauto-desiste-de-disputar-reeleicao-e-lanca-vice-como-sucessor","status":"publish","type":"post","link":"https:\/\/www.sudoestehoje.com.br\/novoportal\/2020\/06\/01\/itororo-prefeito-adauto-desiste-de-disputar-reeleicao-e-lanca-vice-como-sucessor\/","title":{"rendered":"ITOROR\u00d3: PREFEITO ADAUTO DESISTE DE DISPUTAR REELEI\u00c7\u00c3O E LAN\u00c7A VICE COMO SUCESSOR"},"content":{"rendered":"<p><a href=\"https:\/\/www.sudoestehoje.com.br\/novoportal\/wp-content\/uploads\/2020\/06\/ADAUTO-E-PAULO.jpg\"><img loading=\"lazy\" decoding=\"async\" class=\"aligncenter wp-image-87164\" src=\"https:\/\/www.sudoestehoje.com.br\/novoportal\/wp-content\/uploads\/2020\/06\/ADAUTO-E-PAULO.jpg\" alt=\"\" width=\"500\" height=\"373\" \/><\/a><\/p>\n<p>Na noite desta segunda-feira (1), o prefeito de Itoror\u00f3, Adauto Almeida, anunciou que n\u00e3o ir\u00e1 disputar a reelei\u00e7\u00e3o em outubro, indicando o seu vice Paulo Rios como pr\u00e9-candidato do seu grupo pol\u00edtico para a disputa, com\u00a0 a atual secret\u00e1ria de sa\u00fade, Marc\u00edlia Costa, na vice, de acordo com publica\u00e7\u00e3o do blog Itoror\u00f3 J\u00e1.<\/p>\n<p>Bem avaliado no munic\u00edpio, Adauto era tido como imbat\u00edvel nas pr\u00f3ximas elei\u00e7\u00f5es e sua desist\u00eancia, faltando dois meses para o in\u00edcio do pleito, surpreendeu sua equipe e correligion\u00e1rios.<\/p>\n<p>ADVERS\u00c1RIOS ANIMADOS<\/p>\n<p>A desist\u00eancia de Adauto, se for pra valer, muda radicalmente a disputa pelo cargo de prefeito na &#8216;terra da carne de sol&#8217;, dando f\u00f4lego aos outros concorrentes ao cargo, como Adroaldo Almeida, Marco Brito e Rubinho Cordeiro, que tinham poucas chances numa disputa contra o atual prefeito.<\/p>\n<p>O vice Paulo Rios, que entra na disputa com apoio de Adauto, tem boa reputa\u00e7\u00e3o, mas n\u00e3o empolga o eleitorado itororoense, segundo fontes pol\u00edticas locais.<\/p>\n<p><strong><em>Por Davi Ferraz<\/em><\/strong><\/p>\n","protected":false},"excerpt":{"rendered":"<p>Na noite desta segunda-feira (1), o prefeito de Itoror\u00f3, Adauto Almeida, anunciou que n\u00e3o ir\u00e1 disputar a reelei\u00e7\u00e3o em outubro, indicando o seu vice Paulo Rios como pr\u00e9-candidato do seu grupo pol\u00edtico para a disputa, com\u00a0 a atual secret\u00e1ria de sa\u00fade, Marc\u00edlia Costa, na vice, de acordo com publica\u00e7\u00e3o do blog Itoror\u00f3 J\u00e1. Bem avaliado [&hellip;]<\/p>\n","protected":false},"author":2,"featured_media":87164,"comment_status":"open","ping_status":"open","sticky":false,"template":"","format":"standard","meta":{"footnotes":"","_links_to":"","_links_to_target":""},"categories":[1],"tags":[],"class_list":["post-87160","post","type-post","status-publish","format-standard","has-post-thumbnail","hentry","category-geral"],"views":1360,"_links":{"self":[{"href":"https:\/\/www.sudoestehoje.com.br\/novoportal\/wp-json\/wp\/v2\/posts\/87160","targetHints":{"allow":["GET"]}}],"collection":[{"href":"https:\/\/www.sudoestehoje.com.br\/novoportal\/wp-json\/wp\/v2\/posts"}],"about":[{"href":"https:\/\/www.sudoestehoje.com.br\/novoportal\/wp-json\/wp\/v2\/types\/post"}],"author":[{"embeddable":true,"href":"https:\/\/www.sudoestehoje.com.br\/novoportal\/wp-json\/wp\/v2\/users\/2"}],"replies":[{"embeddable":true,"href":"https:\/\/www.sudoestehoje.com.br\/novoportal\/wp-json\/wp\/v2\/comments?post=87160"}],"version-history":[{"count":4,"href":"https:\/\/www.sudoestehoje.com.br\/novoportal\/wp-json\/wp\/v2\/posts\/87160\/revisions"}],"predecessor-version":[{"id":87166,"href":"https:\/\/www.sudoestehoje.com.br\/novoportal\/wp-json\/wp\/v2\/posts\/87160\/revisions\/87166"}],"wp:featuredmedia":[{"embeddable":true,"href":"https:\/\/www.sudoestehoje.com.br\/novoportal\/wp-json\/wp\/v2\/media\/87164"}],"wp:attachment":[{"href":"https:\/\/www.sudoestehoje.com.br\/novoportal\/wp-json\/wp\/v2\/media?parent=87160"}],"wp:term":[{"taxonomy":"category","embeddable":true,"href":"https:\/\/www.sudoestehoje.com.br\/novoportal\/wp-json\/wp\/v2\/categories?post=87160"},{"taxonomy":"post_tag","embeddable":true,"href":"https:\/\/www.sudoestehoje.com.br\/novoportal\/wp-json\/wp\/v2\/tags?post=87160"}],"curies":[{"name":"wp","href":"https:\/\/api.w.org\/{rel}","templated":true}]}}