
{"id":87151,"date":"2020-06-01T18:48:20","date_gmt":"2020-06-01T21:48:20","guid":{"rendered":"https:\/\/www.sudoestehoje.com.br\/novoportal\/?p=87151"},"modified":"2020-06-01T18:48:20","modified_gmt":"2020-06-01T21:48:20","slug":"macarani-prefeito-miller-ferraz-viabiliza-transporte-para-empregados-da-azaleia","status":"publish","type":"post","link":"https:\/\/www.sudoestehoje.com.br\/novoportal\/2020\/06\/01\/macarani-prefeito-miller-ferraz-viabiliza-transporte-para-empregados-da-azaleia\/","title":{"rendered":"MACARANI: PREFEITO MILLER FERRAZ VIABILIZA TRANSPORTE PARA EMPREGADOS DA AZALEIA"},"content":{"rendered":"<p><a href=\"https:\/\/www.sudoestehoje.com.br\/novoportal\/wp-content\/uploads\/2020\/06\/miler-via\u00e7\u00e3o.jpg\"><img loading=\"lazy\" decoding=\"async\" class=\"aligncenter size-medium wp-image-87152\" src=\"https:\/\/www.sudoestehoje.com.br\/novoportal\/wp-content\/uploads\/2020\/06\/miler-via\u00e7\u00e3o-500x375.jpg\" alt=\"\" width=\"500\" height=\"375\" srcset=\"https:\/\/www.sudoestehoje.com.br\/novoportal\/wp-content\/uploads\/2020\/06\/miler-via\u00e7\u00e3o-500x375.jpg 500w, https:\/\/www.sudoestehoje.com.br\/novoportal\/wp-content\/uploads\/2020\/06\/miler-via\u00e7\u00e3o-700x525.jpg 700w, https:\/\/www.sudoestehoje.com.br\/novoportal\/wp-content\/uploads\/2020\/06\/miler-via\u00e7\u00e3o-768x576.jpg 768w, https:\/\/www.sudoestehoje.com.br\/novoportal\/wp-content\/uploads\/2020\/06\/miler-via\u00e7\u00e3o.jpg 1280w\" sizes=\"auto, (max-width: 500px) 100vw, 500px\" \/><\/a><\/p>\n<p>A Assessoria de Comunica\u00e7\u00e3o da Prefeitura de Macarani informou, na manh\u00e3 dessa segunda-feira (1), que o prefeito\u00a0 Miller Ferraz se reuniu com o gerente da empresa Via\u00e7\u00e3o Itapetinga, Sr. Rodrigo, ficando decidido que ser\u00e3o mantidos os \u00f4nibus que transportam os trabalhadores de Macarani para a unidade da Vulcabr\u00e1s\/Azal\u00e9ia em Itapetinga.<\/p>\n<p>Na semana passada, a dire\u00e7\u00e3o da empresa cal\u00e7adista que oferece o maior n\u00famero de empregos na regi\u00e3o, anunciou a suspens\u00e3o do transporte dos seus empregados que residem em, estaria dispensando centenas de funcion\u00e1rios, mas abriu a oportunidade para aqueles que desejassem permanecer nos quadros da empresa, oferecendo R$ 140 reais mensais de ajuda de custo para o transporte, embora esse valor n\u00e3o fosse suficiente para a cobertura total das despesas com deslocamentos di\u00e1rios entre Macarani e Itapetinga.<\/p>\n<p><em>\u201cO Dr. Miller Ferraz entende que num momento dif\u00edcil economicamente, agravado pela crise da Covid-19, que j\u00e1 reduziu milhares e milhares de empregos na Bahia, cumpre aos gestores p\u00fablicos cuidarem tamb\u00e9m da quest\u00e3o social, procurando evitar o quanto poss\u00edvel a perda do emprego pelos trabalhadores de seus munic\u00edpios\u201d<\/em> , informou a Ascom ao site Macarani Rep\u00f3rter.<\/p>\n","protected":false},"excerpt":{"rendered":"<p>A Assessoria de Comunica\u00e7\u00e3o da Prefeitura de Macarani informou, na manh\u00e3 dessa segunda-feira (1), que o prefeito\u00a0 Miller Ferraz se reuniu com o gerente da empresa Via\u00e7\u00e3o Itapetinga, Sr. Rodrigo, ficando decidido que ser\u00e3o mantidos os \u00f4nibus que transportam os trabalhadores de Macarani para a unidade da Vulcabr\u00e1s\/Azal\u00e9ia em Itapetinga. Na semana passada, a dire\u00e7\u00e3o [&hellip;]<\/p>\n","protected":false},"author":2,"featured_media":87152,"comment_status":"open","ping_status":"open","sticky":false,"template":"","format":"standard","meta":{"footnotes":"","_links_to":"","_links_to_target":""},"categories":[1],"tags":[],"class_list":["post-87151","post","type-post","status-publish","format-standard","has-post-thumbnail","hentry","category-geral"],"views":1594,"_links":{"self":[{"href":"https:\/\/www.sudoestehoje.com.br\/novoportal\/wp-json\/wp\/v2\/posts\/87151","targetHints":{"allow":["GET"]}}],"collection":[{"href":"https:\/\/www.sudoestehoje.com.br\/novoportal\/wp-json\/wp\/v2\/posts"}],"about":[{"href":"https:\/\/www.sudoestehoje.com.br\/novoportal\/wp-json\/wp\/v2\/types\/post"}],"author":[{"embeddable":true,"href":"https:\/\/www.sudoestehoje.com.br\/novoportal\/wp-json\/wp\/v2\/users\/2"}],"replies":[{"embeddable":true,"href":"https:\/\/www.sudoestehoje.com.br\/novoportal\/wp-json\/wp\/v2\/comments?post=87151"}],"version-history":[{"count":1,"href":"https:\/\/www.sudoestehoje.com.br\/novoportal\/wp-json\/wp\/v2\/posts\/87151\/revisions"}],"predecessor-version":[{"id":87153,"href":"https:\/\/www.sudoestehoje.com.br\/novoportal\/wp-json\/wp\/v2\/posts\/87151\/revisions\/87153"}],"wp:featuredmedia":[{"embeddable":true,"href":"https:\/\/www.sudoestehoje.com.br\/novoportal\/wp-json\/wp\/v2\/media\/87152"}],"wp:attachment":[{"href":"https:\/\/www.sudoestehoje.com.br\/novoportal\/wp-json\/wp\/v2\/media?parent=87151"}],"wp:term":[{"taxonomy":"category","embeddable":true,"href":"https:\/\/www.sudoestehoje.com.br\/novoportal\/wp-json\/wp\/v2\/categories?post=87151"},{"taxonomy":"post_tag","embeddable":true,"href":"https:\/\/www.sudoestehoje.com.br\/novoportal\/wp-json\/wp\/v2\/tags?post=87151"}],"curies":[{"name":"wp","href":"https:\/\/api.w.org\/{rel}","templated":true}]}}