
{"id":87146,"date":"2020-06-01T11:17:33","date_gmt":"2020-06-01T14:17:33","guid":{"rendered":"https:\/\/www.sudoestehoje.com.br\/novoportal\/?p=87146"},"modified":"2020-06-01T12:08:20","modified_gmt":"2020-06-01T15:08:20","slug":"comercio-de-vitoria-da-conquista-reabre-e-bate-recorde-em-movimentacao-no-centro","status":"publish","type":"post","link":"https:\/\/www.sudoestehoje.com.br\/novoportal\/2020\/06\/01\/comercio-de-vitoria-da-conquista-reabre-e-bate-recorde-em-movimentacao-no-centro\/","title":{"rendered":"COM\u00c9RCIO DE VIT\u00d3RIA DA CONQUISTA REABRE E BATE RECORDE EM MOVIMENTA\u00c7\u00c3O NO CENTRO"},"content":{"rendered":"<p><a href=\"https:\/\/www.sudoestehoje.com.br\/novoportal\/wp-content\/uploads\/2020\/06\/COMERCIO-CONQUISTA-ABRIU.jpeg\"><img loading=\"lazy\" decoding=\"async\" class=\"aligncenter size-medium wp-image-87148\" src=\"https:\/\/www.sudoestehoje.com.br\/novoportal\/wp-content\/uploads\/2020\/06\/COMERCIO-CONQUISTA-ABRIU-500x281.jpeg\" alt=\"\" width=\"500\" height=\"281\" srcset=\"https:\/\/www.sudoestehoje.com.br\/novoportal\/wp-content\/uploads\/2020\/06\/COMERCIO-CONQUISTA-ABRIU-500x281.jpeg 500w, https:\/\/www.sudoestehoje.com.br\/novoportal\/wp-content\/uploads\/2020\/06\/COMERCIO-CONQUISTA-ABRIU-700x394.jpeg 700w, https:\/\/www.sudoestehoje.com.br\/novoportal\/wp-content\/uploads\/2020\/06\/COMERCIO-CONQUISTA-ABRIU-768x432.jpeg 768w, https:\/\/www.sudoestehoje.com.br\/novoportal\/wp-content\/uploads\/2020\/06\/COMERCIO-CONQUISTA-ABRIU.jpeg 1040w\" sizes=\"auto, (max-width: 500px) 100vw, 500px\" \/><\/a><\/p>\n<p>Com uma demanda reprimida h\u00e1 cerca mais de dois meses, o com\u00e9rcio em Vit\u00f3ria da Conquista foi finalmente reaberto nesta segunda-feira (1), para al\u00edvio do setor que mais gera empregos e renda na cidade conhecida como &#8216;Capital do Sudoeste Baiano&#8217;.<\/p>\n<p>De acordo com a imprensa local, a movimenta\u00e7\u00e3o de pessoas no centro comercial da cidade bateu todos os recordes, com enormes filas nas portas das lojas, que est\u00e3o limitando o acesso de pessoas por imposi\u00e7\u00e3o do Decreto Municipal que flexibilizou as atividades comerciais no munic\u00edpio.<\/p>\n<p>Os shopping tamb\u00e9m foram autorizados a reabrir, das 10h \u00e0s 22h, com restri\u00e7\u00f5es para evitar aglomera\u00e7\u00f5es.<\/p>\n<p>O uso de m\u00e1scaras pela popula\u00e7\u00e3o e disponibiliza\u00e7\u00e3o de \u00e1lcool na entrada das lojas vem sendo observado, e fiscaliza\u00e7\u00e3o por parte das autoridades sanit\u00e1rias, pol\u00edcia e guarda municipal \u00e9 severa.<\/p>\n<p>Sal\u00f5es, academias, bares e restaurantes dever\u00e3o ser reabertos numa segunda etapa.<\/p>\n<p><em><strong>Por Davi Ferraz<\/strong><\/em><\/p>\n","protected":false},"excerpt":{"rendered":"<p>Com uma demanda reprimida h\u00e1 cerca mais de dois meses, o com\u00e9rcio em Vit\u00f3ria da Conquista foi finalmente reaberto nesta segunda-feira (1), para al\u00edvio do setor que mais gera empregos e renda na cidade conhecida como &#8216;Capital do Sudoeste Baiano&#8217;. De acordo com a imprensa local, a movimenta\u00e7\u00e3o de pessoas no centro comercial da cidade [&hellip;]<\/p>\n","protected":false},"author":2,"featured_media":87148,"comment_status":"open","ping_status":"open","sticky":false,"template":"","format":"standard","meta":{"footnotes":"","_links_to":"","_links_to_target":""},"categories":[1],"tags":[],"class_list":["post-87146","post","type-post","status-publish","format-standard","has-post-thumbnail","hentry","category-geral"],"views":1904,"_links":{"self":[{"href":"https:\/\/www.sudoestehoje.com.br\/novoportal\/wp-json\/wp\/v2\/posts\/87146","targetHints":{"allow":["GET"]}}],"collection":[{"href":"https:\/\/www.sudoestehoje.com.br\/novoportal\/wp-json\/wp\/v2\/posts"}],"about":[{"href":"https:\/\/www.sudoestehoje.com.br\/novoportal\/wp-json\/wp\/v2\/types\/post"}],"author":[{"embeddable":true,"href":"https:\/\/www.sudoestehoje.com.br\/novoportal\/wp-json\/wp\/v2\/users\/2"}],"replies":[{"embeddable":true,"href":"https:\/\/www.sudoestehoje.com.br\/novoportal\/wp-json\/wp\/v2\/comments?post=87146"}],"version-history":[{"count":3,"href":"https:\/\/www.sudoestehoje.com.br\/novoportal\/wp-json\/wp\/v2\/posts\/87146\/revisions"}],"predecessor-version":[{"id":87150,"href":"https:\/\/www.sudoestehoje.com.br\/novoportal\/wp-json\/wp\/v2\/posts\/87146\/revisions\/87150"}],"wp:featuredmedia":[{"embeddable":true,"href":"https:\/\/www.sudoestehoje.com.br\/novoportal\/wp-json\/wp\/v2\/media\/87148"}],"wp:attachment":[{"href":"https:\/\/www.sudoestehoje.com.br\/novoportal\/wp-json\/wp\/v2\/media?parent=87146"}],"wp:term":[{"taxonomy":"category","embeddable":true,"href":"https:\/\/www.sudoestehoje.com.br\/novoportal\/wp-json\/wp\/v2\/categories?post=87146"},{"taxonomy":"post_tag","embeddable":true,"href":"https:\/\/www.sudoestehoje.com.br\/novoportal\/wp-json\/wp\/v2\/tags?post=87146"}],"curies":[{"name":"wp","href":"https:\/\/api.w.org\/{rel}","templated":true}]}}