
{"id":87143,"date":"2020-06-01T10:53:54","date_gmt":"2020-06-01T13:53:54","guid":{"rendered":"https:\/\/www.sudoestehoje.com.br\/novoportal\/?p=87143"},"modified":"2020-06-01T10:53:54","modified_gmt":"2020-06-01T13:53:54","slug":"projeto-feira-segura-e-implantado-com-sucesso-em-itapetinga","status":"publish","type":"post","link":"https:\/\/www.sudoestehoje.com.br\/novoportal\/2020\/06\/01\/projeto-feira-segura-e-implantado-com-sucesso-em-itapetinga\/","title":{"rendered":"PROJETO &#8216;FEIRA SEGURA&#8217; \u00c9 IMPLANTADO COM SUCESSO EM ITAPETINGA"},"content":{"rendered":"<div data-raofz=\"19\"><a href=\"https:\/\/www.sudoestehoje.com.br\/novoportal\/wp-content\/uploads\/2020\/06\/FEIRA-SEGURA.jpeg\"><img loading=\"lazy\" decoding=\"async\" class=\"aligncenter size-medium wp-image-87144\" src=\"https:\/\/www.sudoestehoje.com.br\/novoportal\/wp-content\/uploads\/2020\/06\/FEIRA-SEGURA-500x375.jpeg\" alt=\"\" width=\"500\" height=\"375\" srcset=\"https:\/\/www.sudoestehoje.com.br\/novoportal\/wp-content\/uploads\/2020\/06\/FEIRA-SEGURA-500x375.jpeg 500w, https:\/\/www.sudoestehoje.com.br\/novoportal\/wp-content\/uploads\/2020\/06\/FEIRA-SEGURA-700x525.jpeg 700w, https:\/\/www.sudoestehoje.com.br\/novoportal\/wp-content\/uploads\/2020\/06\/FEIRA-SEGURA-768x576.jpeg 768w, https:\/\/www.sudoestehoje.com.br\/novoportal\/wp-content\/uploads\/2020\/06\/FEIRA-SEGURA.jpeg 1280w\" sizes=\"auto, (max-width: 500px) 100vw, 500px\" \/><\/a><\/div>\n<div class=\"entry-headline h5\" data-raofz=\"19\">O projeto Feira Segura, realizado pelo Senar em parceira com a prefeitura de Itapetinga e Sindicato Rural, vem rendendo bons frutos. Neste fim de semana, na Central de Abastecimento e no bairro Primavera, as feiras seguiram com os crit\u00e9rios de higiene e seguran\u00e7a aprendidos.<\/div>\n<p data-raofz=\"16\">Os feirantes que participaram do curso est\u00e3o se tornando multiplicadores e v\u00eam utilizando os conhecimentos adquiridos para, aos poucos, disciplinar todas as feiras, construir uma nova cultura com o cliente e, principalmente, criar bons h\u00e1bitos que oferecer\u00e3o mais sa\u00fade para todos.<\/p>\n<p data-raofz=\"16\">Em Itapetinga,\u00a0<a role=\"link\" href=\"http:\/\/www.itapetinga.ba.gov.br\/feira-segura-em-itapetinga\/\" data-raofz=\"16\">o projeto Feira Segura foi desenvolvido de 19 a 22<\/a>\u00a0e teve sua culmin\u00e2ncia no s\u00e1bado, 23, com um exemplo de uma feira organizada nos moldes ideais para oferecer seguran\u00e7a e reduzir os n\u00edveis de contamina\u00e7\u00e3o<\/p>\n","protected":false},"excerpt":{"rendered":"<p>O projeto Feira Segura, realizado pelo Senar em parceira com a prefeitura de Itapetinga e Sindicato Rural, vem rendendo bons frutos. Neste fim de semana, na Central de Abastecimento e no bairro Primavera, as feiras seguiram com os crit\u00e9rios de higiene e seguran\u00e7a aprendidos. Os feirantes que participaram do curso est\u00e3o se tornando multiplicadores e [&hellip;]<\/p>\n","protected":false},"author":2,"featured_media":87144,"comment_status":"open","ping_status":"open","sticky":false,"template":"","format":"standard","meta":{"footnotes":"","_links_to":"","_links_to_target":""},"categories":[1],"tags":[],"class_list":["post-87143","post","type-post","status-publish","format-standard","has-post-thumbnail","hentry","category-geral"],"views":1242,"_links":{"self":[{"href":"https:\/\/www.sudoestehoje.com.br\/novoportal\/wp-json\/wp\/v2\/posts\/87143","targetHints":{"allow":["GET"]}}],"collection":[{"href":"https:\/\/www.sudoestehoje.com.br\/novoportal\/wp-json\/wp\/v2\/posts"}],"about":[{"href":"https:\/\/www.sudoestehoje.com.br\/novoportal\/wp-json\/wp\/v2\/types\/post"}],"author":[{"embeddable":true,"href":"https:\/\/www.sudoestehoje.com.br\/novoportal\/wp-json\/wp\/v2\/users\/2"}],"replies":[{"embeddable":true,"href":"https:\/\/www.sudoestehoje.com.br\/novoportal\/wp-json\/wp\/v2\/comments?post=87143"}],"version-history":[{"count":1,"href":"https:\/\/www.sudoestehoje.com.br\/novoportal\/wp-json\/wp\/v2\/posts\/87143\/revisions"}],"predecessor-version":[{"id":87145,"href":"https:\/\/www.sudoestehoje.com.br\/novoportal\/wp-json\/wp\/v2\/posts\/87143\/revisions\/87145"}],"wp:featuredmedia":[{"embeddable":true,"href":"https:\/\/www.sudoestehoje.com.br\/novoportal\/wp-json\/wp\/v2\/media\/87144"}],"wp:attachment":[{"href":"https:\/\/www.sudoestehoje.com.br\/novoportal\/wp-json\/wp\/v2\/media?parent=87143"}],"wp:term":[{"taxonomy":"category","embeddable":true,"href":"https:\/\/www.sudoestehoje.com.br\/novoportal\/wp-json\/wp\/v2\/categories?post=87143"},{"taxonomy":"post_tag","embeddable":true,"href":"https:\/\/www.sudoestehoje.com.br\/novoportal\/wp-json\/wp\/v2\/tags?post=87143"}],"curies":[{"name":"wp","href":"https:\/\/api.w.org\/{rel}","templated":true}]}}