
{"id":87127,"date":"2020-05-30T21:42:45","date_gmt":"2020-05-31T00:42:45","guid":{"rendered":"https:\/\/www.sudoestehoje.com.br\/novoportal\/?p=87127"},"modified":"2020-05-30T21:45:26","modified_gmt":"2020-05-31T00:45:26","slug":"sesab-corrige-erro-em-notificacoes-de-casos-da-covid-19-em-itapetinga","status":"publish","type":"post","link":"https:\/\/www.sudoestehoje.com.br\/novoportal\/2020\/05\/30\/sesab-corrige-erro-em-notificacoes-de-casos-da-covid-19-em-itapetinga\/","title":{"rendered":"SESAB CORRIGE ERRO EM NOTIFICA\u00c7\u00d5ES DE CASOS DA COVID-19 EM ITAPETINGA"},"content":{"rendered":"<p data-raofz=\"16\"><a href=\"https:\/\/www.sudoestehoje.com.br\/novoportal\/wp-content\/uploads\/2020\/05\/COVID-ITAP.jpeg\"><img loading=\"lazy\" decoding=\"async\" class=\"aligncenter size-medium wp-image-87132\" src=\"https:\/\/www.sudoestehoje.com.br\/novoportal\/wp-content\/uploads\/2020\/05\/COVID-ITAP-500x223.jpeg\" alt=\"\" width=\"500\" height=\"223\" srcset=\"https:\/\/www.sudoestehoje.com.br\/novoportal\/wp-content\/uploads\/2020\/05\/COVID-ITAP-500x223.jpeg 500w, https:\/\/www.sudoestehoje.com.br\/novoportal\/wp-content\/uploads\/2020\/05\/COVID-ITAP-700x313.jpeg 700w, https:\/\/www.sudoestehoje.com.br\/novoportal\/wp-content\/uploads\/2020\/05\/COVID-ITAP-768x343.jpeg 768w, https:\/\/www.sudoestehoje.com.br\/novoportal\/wp-content\/uploads\/2020\/05\/COVID-ITAP.jpeg 990w\" sizes=\"auto, (max-width: 500px) 100vw, 500px\" \/><\/a><\/p>\n<p data-raofz=\"16\">O grande volume de exames e a urg\u00eancia das respostas frente a uma pandemia v\u00eam causando inconsist\u00eancia nas informa\u00e7\u00f5es dos Boletins da Covid-19 da Sesab (Secretaria de Sa\u00fade do Estado da Bahia).<\/p>\n<p data-raofz=\"16\">Desde o surgimento dos primeiros casos, a secretaria municipal vem questionando dados emitidos pelo governo do estado. Nesta semana, reconhecendo o erro na notifica\u00e7\u00e3o, <strong>a Sesab retirou do seu boletim um caso,<\/strong> reduzindo o n\u00famero de confirmados em Itapetinga.<\/p>\n<p data-raofz=\"16\">A Secretaria municipal ainda discorda de duas outras notifica\u00e7\u00f5es e aguarda corre\u00e7\u00e3o.<\/p>\n","protected":false},"excerpt":{"rendered":"<p>O grande volume de exames e a urg\u00eancia das respostas frente a uma pandemia v\u00eam causando inconsist\u00eancia nas informa\u00e7\u00f5es dos Boletins da Covid-19 da Sesab (Secretaria de Sa\u00fade do Estado da Bahia). Desde o surgimento dos primeiros casos, a secretaria municipal vem questionando dados emitidos pelo governo do estado. Nesta semana, reconhecendo o erro na [&hellip;]<\/p>\n","protected":false},"author":2,"featured_media":87132,"comment_status":"open","ping_status":"open","sticky":false,"template":"","format":"standard","meta":{"footnotes":"","_links_to":"","_links_to_target":""},"categories":[1],"tags":[],"class_list":["post-87127","post","type-post","status-publish","format-standard","has-post-thumbnail","hentry","category-geral"],"views":1099,"_links":{"self":[{"href":"https:\/\/www.sudoestehoje.com.br\/novoportal\/wp-json\/wp\/v2\/posts\/87127","targetHints":{"allow":["GET"]}}],"collection":[{"href":"https:\/\/www.sudoestehoje.com.br\/novoportal\/wp-json\/wp\/v2\/posts"}],"about":[{"href":"https:\/\/www.sudoestehoje.com.br\/novoportal\/wp-json\/wp\/v2\/types\/post"}],"author":[{"embeddable":true,"href":"https:\/\/www.sudoestehoje.com.br\/novoportal\/wp-json\/wp\/v2\/users\/2"}],"replies":[{"embeddable":true,"href":"https:\/\/www.sudoestehoje.com.br\/novoportal\/wp-json\/wp\/v2\/comments?post=87127"}],"version-history":[{"count":5,"href":"https:\/\/www.sudoestehoje.com.br\/novoportal\/wp-json\/wp\/v2\/posts\/87127\/revisions"}],"predecessor-version":[{"id":87134,"href":"https:\/\/www.sudoestehoje.com.br\/novoportal\/wp-json\/wp\/v2\/posts\/87127\/revisions\/87134"}],"wp:featuredmedia":[{"embeddable":true,"href":"https:\/\/www.sudoestehoje.com.br\/novoportal\/wp-json\/wp\/v2\/media\/87132"}],"wp:attachment":[{"href":"https:\/\/www.sudoestehoje.com.br\/novoportal\/wp-json\/wp\/v2\/media?parent=87127"}],"wp:term":[{"taxonomy":"category","embeddable":true,"href":"https:\/\/www.sudoestehoje.com.br\/novoportal\/wp-json\/wp\/v2\/categories?post=87127"},{"taxonomy":"post_tag","embeddable":true,"href":"https:\/\/www.sudoestehoje.com.br\/novoportal\/wp-json\/wp\/v2\/tags?post=87127"}],"curies":[{"name":"wp","href":"https:\/\/api.w.org\/{rel}","templated":true}]}}