
{"id":87122,"date":"2020-05-30T21:26:00","date_gmt":"2020-05-31T00:26:00","guid":{"rendered":"https:\/\/www.sudoestehoje.com.br\/novoportal\/?p=87122"},"modified":"2020-05-30T21:52:57","modified_gmt":"2020-05-31T00:52:57","slug":"itapetinga-novos-resultados-incluem-mais-3-casos-positivos-de-covid-19-no-municipio","status":"publish","type":"post","link":"https:\/\/www.sudoestehoje.com.br\/novoportal\/2020\/05\/30\/itapetinga-novos-resultados-incluem-mais-3-casos-positivos-de-covid-19-no-municipio\/","title":{"rendered":"ITAPETINGA: NOVOS RESULTADOS INCLUEM MAIS 3 CASOS POSITIVOS DE COVID-19 NO MUNIC\u00cdPIO; AGORA S\u00c3O 13 CASOS"},"content":{"rendered":"<div data-raofz=\"19\"><a href=\"https:\/\/www.sudoestehoje.com.br\/novoportal\/wp-content\/uploads\/2020\/05\/lagoa-itap.jpg\"><img loading=\"lazy\" decoding=\"async\" class=\"aligncenter size-medium wp-image-87125\" src=\"https:\/\/www.sudoestehoje.com.br\/novoportal\/wp-content\/uploads\/2020\/05\/lagoa-itap-500x319.jpg\" alt=\"\" width=\"500\" height=\"319\" srcset=\"https:\/\/www.sudoestehoje.com.br\/novoportal\/wp-content\/uploads\/2020\/05\/lagoa-itap-500x319.jpg 500w, https:\/\/www.sudoestehoje.com.br\/novoportal\/wp-content\/uploads\/2020\/05\/lagoa-itap.jpg 512w\" sizes=\"auto, (max-width: 500px) 100vw, 500px\" \/><\/a><\/div>\n<div data-raofz=\"19\"><em><strong>Ascom<\/strong><\/em><\/div>\n<div class=\"entry-headline h5\" data-raofz=\"19\">Nesta sexta e s\u00e1bado Itapetinga recebeu 15 novos resultados de exame, 12 descartados e 3 confirmados para Covid-19.\u00a0Na sexta, 29, um morador de Bandeira do Col\u00f4nia, de 42 anos, que apresentou sintomas no \u00faltimo dia 17, no dia 21, deu entrada no hospital de Itoror\u00f3 com dispneia e altera\u00e7\u00f5es no raio-x de t\u00f3rax. Pela apresenta\u00e7\u00e3o do quadro, foi transferido para Vit\u00f3ria da Conquista no dia 24, onde permaneceu internado at\u00e9 esta sexta.<\/div>\n<p data-raofz=\"16\">Agora, o paciente j\u00e1 est\u00e1 em casa, assintom\u00e1tico, mas permanece em isolamento.<\/p>\n<p data-raofz=\"16\">No s\u00e1bado, dois novos resultados positivos para Covid-19. Uma mulher, 36 anos, esteve em contato com paciente tamb\u00e9m confirmado para coronav\u00edrus e, por isso, coletou o material biol\u00f3gico no dia 22. Hoje, seu teste foi positivado e ela segue assintom\u00e1tica, mas em isolamento domiciliar.<\/p>\n<p data-raofz=\"16\">No dia 22, tamb\u00e9m foi coletado o material de exame de um homem, de 30 anos, que apresentou febre, tosse, dispneia, diminui\u00e7\u00e3o de olfato e paladar. Neste s\u00e1bado, o Lacen enviou confirma\u00e7\u00e3o do resultado. O paciente j\u00e1 era tido como suspeito por ter viajado por \u00e1reas de risco como Barreiras, Salvador, Itabuna e Ilh\u00e9us e est\u00e1 em isolamento desde o dia 18. Ele j\u00e1 apresenta melhora dos sintomas.<\/p>\n<p data-raofz=\"16\">Itapetinga, segue, ent\u00e3o, com<strong> 13 casos confirmados<\/strong> (2 deles n\u00e3o reconhecidos pela secretaria municipal), 54 casos descartados, 8 casos curados e 2 \u00f3bitos.<\/p>\n","protected":false},"excerpt":{"rendered":"<p>Ascom Nesta sexta e s\u00e1bado Itapetinga recebeu 15 novos resultados de exame, 12 descartados e 3 confirmados para Covid-19.\u00a0Na sexta, 29, um morador de Bandeira do Col\u00f4nia, de 42 anos, que apresentou sintomas no \u00faltimo dia 17, no dia 21, deu entrada no hospital de Itoror\u00f3 com dispneia e altera\u00e7\u00f5es no raio-x de t\u00f3rax. Pela [&hellip;]<\/p>\n","protected":false},"author":2,"featured_media":87125,"comment_status":"open","ping_status":"open","sticky":false,"template":"","format":"standard","meta":{"footnotes":"","_links_to":"","_links_to_target":""},"categories":[1],"tags":[],"class_list":["post-87122","post","type-post","status-publish","format-standard","has-post-thumbnail","hentry","category-geral"],"views":1482,"_links":{"self":[{"href":"https:\/\/www.sudoestehoje.com.br\/novoportal\/wp-json\/wp\/v2\/posts\/87122","targetHints":{"allow":["GET"]}}],"collection":[{"href":"https:\/\/www.sudoestehoje.com.br\/novoportal\/wp-json\/wp\/v2\/posts"}],"about":[{"href":"https:\/\/www.sudoestehoje.com.br\/novoportal\/wp-json\/wp\/v2\/types\/post"}],"author":[{"embeddable":true,"href":"https:\/\/www.sudoestehoje.com.br\/novoportal\/wp-json\/wp\/v2\/users\/2"}],"replies":[{"embeddable":true,"href":"https:\/\/www.sudoestehoje.com.br\/novoportal\/wp-json\/wp\/v2\/comments?post=87122"}],"version-history":[{"count":6,"href":"https:\/\/www.sudoestehoje.com.br\/novoportal\/wp-json\/wp\/v2\/posts\/87122\/revisions"}],"predecessor-version":[{"id":87137,"href":"https:\/\/www.sudoestehoje.com.br\/novoportal\/wp-json\/wp\/v2\/posts\/87122\/revisions\/87137"}],"wp:featuredmedia":[{"embeddable":true,"href":"https:\/\/www.sudoestehoje.com.br\/novoportal\/wp-json\/wp\/v2\/media\/87125"}],"wp:attachment":[{"href":"https:\/\/www.sudoestehoje.com.br\/novoportal\/wp-json\/wp\/v2\/media?parent=87122"}],"wp:term":[{"taxonomy":"category","embeddable":true,"href":"https:\/\/www.sudoestehoje.com.br\/novoportal\/wp-json\/wp\/v2\/categories?post=87122"},{"taxonomy":"post_tag","embeddable":true,"href":"https:\/\/www.sudoestehoje.com.br\/novoportal\/wp-json\/wp\/v2\/tags?post=87122"}],"curies":[{"name":"wp","href":"https:\/\/api.w.org\/{rel}","templated":true}]}}