
{"id":87119,"date":"2020-05-30T21:09:55","date_gmt":"2020-05-31T00:09:55","guid":{"rendered":"https:\/\/www.sudoestehoje.com.br\/novoportal\/?p=87119"},"modified":"2020-05-30T21:09:55","modified_gmt":"2020-05-31T00:09:55","slug":"campanha-de-vacinacao-contra-a-gripe-na-bahia-e-prorrogada-ate-30-de-junho","status":"publish","type":"post","link":"https:\/\/www.sudoestehoje.com.br\/novoportal\/2020\/05\/30\/campanha-de-vacinacao-contra-a-gripe-na-bahia-e-prorrogada-ate-30-de-junho\/","title":{"rendered":"CAMPANHA DE VACINA\u00c7\u00c3O CONTRA A GRIPE NA BAHIA \u00c9 PRORROGADA AT\u00c9 30 DE JUNHO"},"content":{"rendered":"<p><a href=\"https:\/\/www.sudoestehoje.com.br\/novoportal\/wp-content\/uploads\/2020\/05\/vacina-orlando.jpg\"><img loading=\"lazy\" decoding=\"async\" class=\"aligncenter size-medium wp-image-87120\" src=\"https:\/\/www.sudoestehoje.com.br\/novoportal\/wp-content\/uploads\/2020\/05\/vacina-orlando-500x333.jpg\" alt=\"\" width=\"500\" height=\"333\" srcset=\"https:\/\/www.sudoestehoje.com.br\/novoportal\/wp-content\/uploads\/2020\/05\/vacina-orlando-500x333.jpg 500w, https:\/\/www.sudoestehoje.com.br\/novoportal\/wp-content\/uploads\/2020\/05\/vacina-orlando-700x467.jpg 700w, https:\/\/www.sudoestehoje.com.br\/novoportal\/wp-content\/uploads\/2020\/05\/vacina-orlando.jpg 750w\" sizes=\"auto, (max-width: 500px) 100vw, 500px\" \/><\/a><\/p>\n<p>A Campanha de Vacina\u00e7\u00e3o contra a Influenza foi prorrogada at\u00e9 o dia 30 de junho, informou a Diretoria de Vigil\u00e2ncia Epidemiol\u00f3gica (Divep) da Secretaria Estadual de Sa\u00fade (Sesab). De acordo com \u00f3rg\u00e3o, a meta de vacinar 90% para alguns grupos n\u00e3o foi alcan\u00e7ada, o que levou \u00e0 prorroga\u00e7\u00e3o da campanha.<\/p>\n<p>Na Bahia, somente os grupos de trabalhadores da sa\u00fade, ind\u00edgenas e idosos, a partir de 60 anos, atingiram a meta de vacina\u00e7\u00e3o. No primeiro grupo, 99,41% de cobertura e no segundo grupo, a cobertura ficou em 96,97% e o terceiro grupo, a cobertura ficou acima de 100%. Os outros grupos ficaram muito abaixo da meta: crian\u00e7as (34,31%); gestantes (45,10%); pu\u00e9rperas (53,30%); adultos de 55 a 59 anos (33,61%).<\/p>\n<p>Na Bahia, a meta \u00e9 imunizar 90% do p\u00fablico alvo, formado por cerca de 4,6 milh\u00f5es de pessoas. Para proteger ao m\u00e1ximo a popula\u00e7\u00e3o, a vacina est\u00e1 dispon\u00edvel em postos espalhados por todos os munic\u00edpios. Al\u00e9m disso, a Secretaria Estadual da Sa\u00fade orientou aos gestores municipais a ofertarem a vacina fora dos postos de sa\u00fade, em ambientes abertos e ventilados a fim de ampliar a oferta e evitar aglomera\u00e7\u00f5es, obedecendo a dist\u00e2ncia necess\u00e1ria.<\/p>\n","protected":false},"excerpt":{"rendered":"<p>A Campanha de Vacina\u00e7\u00e3o contra a Influenza foi prorrogada at\u00e9 o dia 30 de junho, informou a Diretoria de Vigil\u00e2ncia Epidemiol\u00f3gica (Divep) da Secretaria Estadual de Sa\u00fade (Sesab). De acordo com \u00f3rg\u00e3o, a meta de vacinar 90% para alguns grupos n\u00e3o foi alcan\u00e7ada, o que levou \u00e0 prorroga\u00e7\u00e3o da campanha. Na Bahia, somente os grupos [&hellip;]<\/p>\n","protected":false},"author":2,"featured_media":87120,"comment_status":"open","ping_status":"open","sticky":false,"template":"","format":"standard","meta":{"footnotes":"","_links_to":"","_links_to_target":""},"categories":[1],"tags":[],"class_list":["post-87119","post","type-post","status-publish","format-standard","has-post-thumbnail","hentry","category-geral"],"views":865,"_links":{"self":[{"href":"https:\/\/www.sudoestehoje.com.br\/novoportal\/wp-json\/wp\/v2\/posts\/87119","targetHints":{"allow":["GET"]}}],"collection":[{"href":"https:\/\/www.sudoestehoje.com.br\/novoportal\/wp-json\/wp\/v2\/posts"}],"about":[{"href":"https:\/\/www.sudoestehoje.com.br\/novoportal\/wp-json\/wp\/v2\/types\/post"}],"author":[{"embeddable":true,"href":"https:\/\/www.sudoestehoje.com.br\/novoportal\/wp-json\/wp\/v2\/users\/2"}],"replies":[{"embeddable":true,"href":"https:\/\/www.sudoestehoje.com.br\/novoportal\/wp-json\/wp\/v2\/comments?post=87119"}],"version-history":[{"count":1,"href":"https:\/\/www.sudoestehoje.com.br\/novoportal\/wp-json\/wp\/v2\/posts\/87119\/revisions"}],"predecessor-version":[{"id":87121,"href":"https:\/\/www.sudoestehoje.com.br\/novoportal\/wp-json\/wp\/v2\/posts\/87119\/revisions\/87121"}],"wp:featuredmedia":[{"embeddable":true,"href":"https:\/\/www.sudoestehoje.com.br\/novoportal\/wp-json\/wp\/v2\/media\/87120"}],"wp:attachment":[{"href":"https:\/\/www.sudoestehoje.com.br\/novoportal\/wp-json\/wp\/v2\/media?parent=87119"}],"wp:term":[{"taxonomy":"category","embeddable":true,"href":"https:\/\/www.sudoestehoje.com.br\/novoportal\/wp-json\/wp\/v2\/categories?post=87119"},{"taxonomy":"post_tag","embeddable":true,"href":"https:\/\/www.sudoestehoje.com.br\/novoportal\/wp-json\/wp\/v2\/tags?post=87119"}],"curies":[{"name":"wp","href":"https:\/\/api.w.org\/{rel}","templated":true}]}}