
{"id":87095,"date":"2020-05-29T19:55:38","date_gmt":"2020-05-29T22:55:38","guid":{"rendered":"https:\/\/www.sudoestehoje.com.br\/novoportal\/?p=87095"},"modified":"2020-05-29T20:41:31","modified_gmt":"2020-05-29T23:41:31","slug":"itapetinga-registra-12o-caso-de-covid-19-paciente-e-morador-de-bandeira-do-colonia","status":"publish","type":"post","link":"https:\/\/www.sudoestehoje.com.br\/novoportal\/2020\/05\/29\/itapetinga-registra-12o-caso-de-covid-19-paciente-e-morador-de-bandeira-do-colonia\/","title":{"rendered":"ITAPETINGA REGISTRA 12\u00ba CASO DE COVID-19; PACIENTE \u00c9 MORADOR DE BANDEIRA DO COL\u00d4NIA"},"content":{"rendered":"<p><a href=\"https:\/\/www.sudoestehoje.com.br\/novoportal\/wp-content\/uploads\/2020\/05\/bandeira.jpg\"><img loading=\"lazy\" decoding=\"async\" class=\"aligncenter size-medium wp-image-87098\" src=\"https:\/\/www.sudoestehoje.com.br\/novoportal\/wp-content\/uploads\/2020\/05\/bandeira-500x375.jpg\" alt=\"\" width=\"500\" height=\"375\" srcset=\"https:\/\/www.sudoestehoje.com.br\/novoportal\/wp-content\/uploads\/2020\/05\/bandeira-500x375.jpg 500w, https:\/\/www.sudoestehoje.com.br\/novoportal\/wp-content\/uploads\/2020\/05\/bandeira-700x525.jpg 700w, https:\/\/www.sudoestehoje.com.br\/novoportal\/wp-content\/uploads\/2020\/05\/bandeira-768x576.jpg 768w, https:\/\/www.sudoestehoje.com.br\/novoportal\/wp-content\/uploads\/2020\/05\/bandeira-1536x1152.jpg 1536w, https:\/\/www.sudoestehoje.com.br\/novoportal\/wp-content\/uploads\/2020\/05\/bandeira.jpg 1600w\" sizes=\"auto, (max-width: 500px) 100vw, 500px\" \/><\/a><\/p>\n<p>Nesta sexta-feira (29) foi anunciado que um morador do distrito de Bandeira do Col\u00f4nia, em Itapetinga, testou positivo para a Covid-19, de acordo com a Secretaria Municipal de Sa\u00fade.<\/p>\n<p>Segundo informa\u00e7\u00f5es, o paciente foi testado no hospital de Itoror\u00f3 e encaminhado para um hospital na cidade de Vit\u00f3ria da Conquista , mas que j\u00e1 teria recebido alta, de acordo com com informa\u00e7\u00f5es obtidas pelo Sudoeste Hoje.<\/p>\n<p>O pr\u00f3prio paciente, que \u00e9 propriet\u00e1rio de uma marmoraria em Bandeira, informou a amigos e parentes, em um grupo do Whatsapp, que j\u00e1 teria recebido alta e que estava retornando para casa, onde deve continuar a\u00a0 sua recupera\u00e7\u00e3o, em isolamento social.<\/p>\n<p>Itapetinga computa agora 12 casos de Coronav\u00edrus, com 8 curados, 2 mortes e 2 pacientes em recupera\u00e7\u00e3o.<\/p>\n<p><strong><em>Por Davi Ferraz\u00a0<\/em><\/strong><\/p>\n","protected":false},"excerpt":{"rendered":"<p>Nesta sexta-feira (29) foi anunciado que um morador do distrito de Bandeira do Col\u00f4nia, em Itapetinga, testou positivo para a Covid-19, de acordo com a Secretaria Municipal de Sa\u00fade. Segundo informa\u00e7\u00f5es, o paciente foi testado no hospital de Itoror\u00f3 e encaminhado para um hospital na cidade de Vit\u00f3ria da Conquista , mas que j\u00e1 teria [&hellip;]<\/p>\n","protected":false},"author":2,"featured_media":87098,"comment_status":"open","ping_status":"open","sticky":false,"template":"","format":"standard","meta":{"footnotes":"","_links_to":"","_links_to_target":""},"categories":[1],"tags":[],"class_list":["post-87095","post","type-post","status-publish","format-standard","has-post-thumbnail","hentry","category-geral"],"views":4601,"_links":{"self":[{"href":"https:\/\/www.sudoestehoje.com.br\/novoportal\/wp-json\/wp\/v2\/posts\/87095","targetHints":{"allow":["GET"]}}],"collection":[{"href":"https:\/\/www.sudoestehoje.com.br\/novoportal\/wp-json\/wp\/v2\/posts"}],"about":[{"href":"https:\/\/www.sudoestehoje.com.br\/novoportal\/wp-json\/wp\/v2\/types\/post"}],"author":[{"embeddable":true,"href":"https:\/\/www.sudoestehoje.com.br\/novoportal\/wp-json\/wp\/v2\/users\/2"}],"replies":[{"embeddable":true,"href":"https:\/\/www.sudoestehoje.com.br\/novoportal\/wp-json\/wp\/v2\/comments?post=87095"}],"version-history":[{"count":8,"href":"https:\/\/www.sudoestehoje.com.br\/novoportal\/wp-json\/wp\/v2\/posts\/87095\/revisions"}],"predecessor-version":[{"id":87104,"href":"https:\/\/www.sudoestehoje.com.br\/novoportal\/wp-json\/wp\/v2\/posts\/87095\/revisions\/87104"}],"wp:featuredmedia":[{"embeddable":true,"href":"https:\/\/www.sudoestehoje.com.br\/novoportal\/wp-json\/wp\/v2\/media\/87098"}],"wp:attachment":[{"href":"https:\/\/www.sudoestehoje.com.br\/novoportal\/wp-json\/wp\/v2\/media?parent=87095"}],"wp:term":[{"taxonomy":"category","embeddable":true,"href":"https:\/\/www.sudoestehoje.com.br\/novoportal\/wp-json\/wp\/v2\/categories?post=87095"},{"taxonomy":"post_tag","embeddable":true,"href":"https:\/\/www.sudoestehoje.com.br\/novoportal\/wp-json\/wp\/v2\/tags?post=87095"}],"curies":[{"name":"wp","href":"https:\/\/api.w.org\/{rel}","templated":true}]}}