
{"id":87059,"date":"2020-05-27T23:25:42","date_gmt":"2020-05-28T02:25:42","guid":{"rendered":"https:\/\/www.sudoestehoje.com.br\/novoportal\/?p=87059"},"modified":"2020-05-27T23:25:42","modified_gmt":"2020-05-28T02:25:42","slug":"conta-de-luz-nao-tera-tarifa-extra-ate-dezembro-devido-a-covid-19","status":"publish","type":"post","link":"https:\/\/www.sudoestehoje.com.br\/novoportal\/2020\/05\/27\/conta-de-luz-nao-tera-tarifa-extra-ate-dezembro-devido-a-covid-19\/","title":{"rendered":"CONTA DE LUZ N\u00c3O TER\u00c1 TARIFA EXTRA AT\u00c9 DEZEMBRO DEVIDO \u00c0 COVID-19"},"content":{"rendered":"<p><a href=\"https:\/\/www.sudoestehoje.com.br\/novoportal\/wp-content\/uploads\/2020\/05\/coelba.jpg\"><img loading=\"lazy\" decoding=\"async\" class=\"aligncenter size-medium wp-image-87060\" src=\"https:\/\/www.sudoestehoje.com.br\/novoportal\/wp-content\/uploads\/2020\/05\/coelba-500x291.jpg\" alt=\"\" width=\"500\" height=\"291\" srcset=\"https:\/\/www.sudoestehoje.com.br\/novoportal\/wp-content\/uploads\/2020\/05\/coelba-500x291.jpg 500w, https:\/\/www.sudoestehoje.com.br\/novoportal\/wp-content\/uploads\/2020\/05\/coelba.jpg 550w\" sizes=\"auto, (max-width: 500px) 100vw, 500px\" \/><\/a><\/p>\n<p>A Ag\u00eancia Nacional de Energia El\u00e9trica (Aneel) informou na \u00faltima ter\u00e7a-feira (26), que n\u00e3o haver\u00e1 cobran\u00e7a extra na conta de luz at\u00e9 o final do ano. Segundo a\u00a0Aneel, a bandeira tarif\u00e1ria ficar\u00e1 na cor verde at\u00e9 31 de dezembro.<\/p>\n<p>O sistema de bandeiras tarif\u00e1rias sinaliza o custo de gera\u00e7\u00e3o de energia. O objetivo \u00e9 informar aos consumidores quando o custo da gera\u00e7\u00e3o aumenta, permitindo ao cliente gastar menos energia e, assim, pagar uma conta de luz mais barata.<\/p>\n<p>Atualmente a Aneel divulga mensalmente a cor da bandeira que ser\u00e1 aplicada no m\u00eas seguinte. Confira os valores:<\/p>\n<p><strong>Verde:\u00a0<\/strong>sem cobran\u00e7a<br \/>\n<strong>Amarela:<\/strong>\u00a0R$ 1,34 por 100 quilowatts-hora (kWh) de energia consumidaMM<br \/>\n<strong>Vermelha patamar 1:<\/strong>\u00a0R$ 4,16 por 100 kWhN<br \/>\n<strong>Vermelha patamar 2:<\/strong>\u00a0R$ 6,24 por 100 kWh<\/p>\n","protected":false},"excerpt":{"rendered":"<p>A Ag\u00eancia Nacional de Energia El\u00e9trica (Aneel) informou na \u00faltima ter\u00e7a-feira (26), que n\u00e3o haver\u00e1 cobran\u00e7a extra na conta de luz at\u00e9 o final do ano. Segundo a\u00a0Aneel, a bandeira tarif\u00e1ria ficar\u00e1 na cor verde at\u00e9 31 de dezembro. O sistema de bandeiras tarif\u00e1rias sinaliza o custo de gera\u00e7\u00e3o de energia. O objetivo \u00e9 informar [&hellip;]<\/p>\n","protected":false},"author":2,"featured_media":87060,"comment_status":"open","ping_status":"open","sticky":false,"template":"","format":"standard","meta":{"footnotes":"","_links_to":"","_links_to_target":""},"categories":[1],"tags":[],"class_list":["post-87059","post","type-post","status-publish","format-standard","has-post-thumbnail","hentry","category-geral"],"views":1388,"_links":{"self":[{"href":"https:\/\/www.sudoestehoje.com.br\/novoportal\/wp-json\/wp\/v2\/posts\/87059","targetHints":{"allow":["GET"]}}],"collection":[{"href":"https:\/\/www.sudoestehoje.com.br\/novoportal\/wp-json\/wp\/v2\/posts"}],"about":[{"href":"https:\/\/www.sudoestehoje.com.br\/novoportal\/wp-json\/wp\/v2\/types\/post"}],"author":[{"embeddable":true,"href":"https:\/\/www.sudoestehoje.com.br\/novoportal\/wp-json\/wp\/v2\/users\/2"}],"replies":[{"embeddable":true,"href":"https:\/\/www.sudoestehoje.com.br\/novoportal\/wp-json\/wp\/v2\/comments?post=87059"}],"version-history":[{"count":2,"href":"https:\/\/www.sudoestehoje.com.br\/novoportal\/wp-json\/wp\/v2\/posts\/87059\/revisions"}],"predecessor-version":[{"id":87062,"href":"https:\/\/www.sudoestehoje.com.br\/novoportal\/wp-json\/wp\/v2\/posts\/87059\/revisions\/87062"}],"wp:featuredmedia":[{"embeddable":true,"href":"https:\/\/www.sudoestehoje.com.br\/novoportal\/wp-json\/wp\/v2\/media\/87060"}],"wp:attachment":[{"href":"https:\/\/www.sudoestehoje.com.br\/novoportal\/wp-json\/wp\/v2\/media?parent=87059"}],"wp:term":[{"taxonomy":"category","embeddable":true,"href":"https:\/\/www.sudoestehoje.com.br\/novoportal\/wp-json\/wp\/v2\/categories?post=87059"},{"taxonomy":"post_tag","embeddable":true,"href":"https:\/\/www.sudoestehoje.com.br\/novoportal\/wp-json\/wp\/v2\/tags?post=87059"}],"curies":[{"name":"wp","href":"https:\/\/api.w.org\/{rel}","templated":true}]}}