
{"id":87042,"date":"2020-05-27T20:00:09","date_gmt":"2020-05-27T23:00:09","guid":{"rendered":"https:\/\/www.sudoestehoje.com.br\/novoportal\/?p=87042"},"modified":"2020-05-27T20:00:09","modified_gmt":"2020-05-27T23:00:09","slug":"comercio-de-conquista-tera-reabertura-gradual-a-partir-da-proxima-segunda","status":"publish","type":"post","link":"https:\/\/www.sudoestehoje.com.br\/novoportal\/2020\/05\/27\/comercio-de-conquista-tera-reabertura-gradual-a-partir-da-proxima-segunda\/","title":{"rendered":"COM\u00c9RCIO DE CONQUISTA TER\u00c1 REABERTURA GRADUAL A PARTIR DA PR\u00d3XIMA SEGUNDA"},"content":{"rendered":"<p><a href=\"https:\/\/www.sudoestehoje.com.br\/novoportal\/wp-content\/uploads\/2020\/05\/COMERCIO-DE-CONQ.jpg\"><img loading=\"lazy\" decoding=\"async\" class=\"aligncenter size-medium wp-image-87046\" src=\"https:\/\/www.sudoestehoje.com.br\/novoportal\/wp-content\/uploads\/2020\/05\/COMERCIO-DE-CONQ-500x375.jpg\" alt=\"\" width=\"500\" height=\"375\" srcset=\"https:\/\/www.sudoestehoje.com.br\/novoportal\/wp-content\/uploads\/2020\/05\/COMERCIO-DE-CONQ-500x375.jpg 500w, https:\/\/www.sudoestehoje.com.br\/novoportal\/wp-content\/uploads\/2020\/05\/COMERCIO-DE-CONQ.jpg 600w\" sizes=\"auto, (max-width: 500px) 100vw, 500px\" \/><\/a><\/p>\n<p style=\"font-weight: 400;\">A prefeitura de Vit\u00f3ria da Conquista, terceiro maior munic\u00edpio da Bahia, estabeleceu um cronograma para a retomada gradual do com\u00e9rcio. A reabertura se dar\u00e1 em cinco fases, com a primeira iniciando-se na pr\u00f3xima segunda-feira (1). Segundo a gest\u00e3o municipal, a decis\u00e3o foi tomada \u201ccom base em dados estat\u00edsticos\u201d.<\/p>\n<p style=\"font-weight: 400;\">A partir de 1\u00ba de junho, shopping centers poder\u00e3o ficar abertos de segunda a sexta, entre 10h e 22h. Lojas de vestu\u00e1rio, artigos esportivos, eletrodom\u00e9sticos, inform\u00e1tica, m\u00f3veis e colch\u00f5es tamb\u00e9m est\u00e3o autorizadas a reabrir. Entretanto, ter\u00e3o que cumprir um revezamento de hor\u00e1rio, podendo funcionar cinco horas por dia, conforme quadro abaixo:<\/p>\n<p><img loading=\"lazy\" decoding=\"async\" class=\"\" src=\"https:\/\/www.bahianoticias.com.br\/fotos\/municipios_noticias\/20993\/mg\/Conquista.png\" width=\"500\" height=\"411\" \/><\/p>\n","protected":false},"excerpt":{"rendered":"<p>A prefeitura de Vit\u00f3ria da Conquista, terceiro maior munic\u00edpio da Bahia, estabeleceu um cronograma para a retomada gradual do com\u00e9rcio. A reabertura se dar\u00e1 em cinco fases, com a primeira iniciando-se na pr\u00f3xima segunda-feira (1). Segundo a gest\u00e3o municipal, a decis\u00e3o foi tomada \u201ccom base em dados estat\u00edsticos\u201d. A partir de 1\u00ba de junho, shopping [&hellip;]<\/p>\n","protected":false},"author":2,"featured_media":87046,"comment_status":"open","ping_status":"open","sticky":false,"template":"","format":"standard","meta":{"footnotes":"","_links_to":"","_links_to_target":""},"categories":[1],"tags":[],"class_list":["post-87042","post","type-post","status-publish","format-standard","has-post-thumbnail","hentry","category-geral"],"views":1017,"_links":{"self":[{"href":"https:\/\/www.sudoestehoje.com.br\/novoportal\/wp-json\/wp\/v2\/posts\/87042","targetHints":{"allow":["GET"]}}],"collection":[{"href":"https:\/\/www.sudoestehoje.com.br\/novoportal\/wp-json\/wp\/v2\/posts"}],"about":[{"href":"https:\/\/www.sudoestehoje.com.br\/novoportal\/wp-json\/wp\/v2\/types\/post"}],"author":[{"embeddable":true,"href":"https:\/\/www.sudoestehoje.com.br\/novoportal\/wp-json\/wp\/v2\/users\/2"}],"replies":[{"embeddable":true,"href":"https:\/\/www.sudoestehoje.com.br\/novoportal\/wp-json\/wp\/v2\/comments?post=87042"}],"version-history":[{"count":4,"href":"https:\/\/www.sudoestehoje.com.br\/novoportal\/wp-json\/wp\/v2\/posts\/87042\/revisions"}],"predecessor-version":[{"id":87047,"href":"https:\/\/www.sudoestehoje.com.br\/novoportal\/wp-json\/wp\/v2\/posts\/87042\/revisions\/87047"}],"wp:featuredmedia":[{"embeddable":true,"href":"https:\/\/www.sudoestehoje.com.br\/novoportal\/wp-json\/wp\/v2\/media\/87046"}],"wp:attachment":[{"href":"https:\/\/www.sudoestehoje.com.br\/novoportal\/wp-json\/wp\/v2\/media?parent=87042"}],"wp:term":[{"taxonomy":"category","embeddable":true,"href":"https:\/\/www.sudoestehoje.com.br\/novoportal\/wp-json\/wp\/v2\/categories?post=87042"},{"taxonomy":"post_tag","embeddable":true,"href":"https:\/\/www.sudoestehoje.com.br\/novoportal\/wp-json\/wp\/v2\/tags?post=87042"}],"curies":[{"name":"wp","href":"https:\/\/api.w.org\/{rel}","templated":true}]}}