
{"id":87030,"date":"2020-05-26T19:53:27","date_gmt":"2020-05-26T22:53:27","guid":{"rendered":"https:\/\/www.sudoestehoje.com.br\/novoportal\/?p=87030"},"modified":"2020-05-26T19:53:27","modified_gmt":"2020-05-26T22:53:27","slug":"itapetinga-perde-o-radialista-nivaldo-viana","status":"publish","type":"post","link":"https:\/\/www.sudoestehoje.com.br\/novoportal\/2020\/05\/26\/itapetinga-perde-o-radialista-nivaldo-viana\/","title":{"rendered":"ITAPETINGA PERDE O RADIALISTA NIVALDO VIANA"},"content":{"rendered":"<p><a href=\"https:\/\/www.sudoestehoje.com.br\/novoportal\/wp-content\/uploads\/2020\/05\/nivaldo-viana.jpeg\"><img loading=\"lazy\" decoding=\"async\" class=\"aligncenter size-medium wp-image-87032\" src=\"https:\/\/www.sudoestehoje.com.br\/novoportal\/wp-content\/uploads\/2020\/05\/nivaldo-viana-500x500.jpeg\" alt=\"\" width=\"500\" height=\"500\" srcset=\"https:\/\/www.sudoestehoje.com.br\/novoportal\/wp-content\/uploads\/2020\/05\/nivaldo-viana-500x500.jpeg 500w, https:\/\/www.sudoestehoje.com.br\/novoportal\/wp-content\/uploads\/2020\/05\/nivaldo-viana-150x150.jpeg 150w, https:\/\/www.sudoestehoje.com.br\/novoportal\/wp-content\/uploads\/2020\/05\/nivaldo-viana.jpeg 640w\" sizes=\"auto, (max-width: 500px) 100vw, 500px\" \/><\/a><\/p>\n<p>Itapetinga perdeu, no in\u00edcio da noite desta ter\u00e7a-feira (26), o radialista popular Nivaldo Viana, 80 anos, um dos mais antigos comunicadores do r\u00e1dio em toda a regi\u00e3o sudoeste.<\/p>\n<p>Nivaldo estava internado na UTI do HCR, desde o \u00faltimo domingo, e acabou sofrendo uma parada card\u00edaca.<\/p>\n<p>Em Itapetinga, Nivaldo atuou nas r\u00e1dios Jornal, Fascina\u00e7\u00e3o e Cidade FM, apresentando programas policiais e de den\u00fancias.\u00a0Seu \u00faltimo trabalho no r\u00e1dio foi no programa &#8216;Na boca do Povo&#8217;, ao lado do comunicador Valdomiro Mota.<\/p>\n<p>O local do vel\u00f3rio e hor\u00e1rio do sepultamento ainda n\u00e3o foram informados pela fam\u00edlia.<\/p>\n<p>Reda\u00e7\u00e3o<\/p>\n","protected":false},"excerpt":{"rendered":"<p>Itapetinga perdeu, no in\u00edcio da noite desta ter\u00e7a-feira (26), o radialista popular Nivaldo Viana, 80 anos, um dos mais antigos comunicadores do r\u00e1dio em toda a regi\u00e3o sudoeste. Nivaldo estava internado na UTI do HCR, desde o \u00faltimo domingo, e acabou sofrendo uma parada card\u00edaca. Em Itapetinga, Nivaldo atuou nas r\u00e1dios Jornal, Fascina\u00e7\u00e3o e Cidade [&hellip;]<\/p>\n","protected":false},"author":2,"featured_media":87032,"comment_status":"open","ping_status":"open","sticky":false,"template":"","format":"standard","meta":{"footnotes":"","_links_to":"","_links_to_target":""},"categories":[1],"tags":[],"class_list":["post-87030","post","type-post","status-publish","format-standard","has-post-thumbnail","hentry","category-geral"],"views":1334,"_links":{"self":[{"href":"https:\/\/www.sudoestehoje.com.br\/novoportal\/wp-json\/wp\/v2\/posts\/87030","targetHints":{"allow":["GET"]}}],"collection":[{"href":"https:\/\/www.sudoestehoje.com.br\/novoportal\/wp-json\/wp\/v2\/posts"}],"about":[{"href":"https:\/\/www.sudoestehoje.com.br\/novoportal\/wp-json\/wp\/v2\/types\/post"}],"author":[{"embeddable":true,"href":"https:\/\/www.sudoestehoje.com.br\/novoportal\/wp-json\/wp\/v2\/users\/2"}],"replies":[{"embeddable":true,"href":"https:\/\/www.sudoestehoje.com.br\/novoportal\/wp-json\/wp\/v2\/comments?post=87030"}],"version-history":[{"count":2,"href":"https:\/\/www.sudoestehoje.com.br\/novoportal\/wp-json\/wp\/v2\/posts\/87030\/revisions"}],"predecessor-version":[{"id":87033,"href":"https:\/\/www.sudoestehoje.com.br\/novoportal\/wp-json\/wp\/v2\/posts\/87030\/revisions\/87033"}],"wp:featuredmedia":[{"embeddable":true,"href":"https:\/\/www.sudoestehoje.com.br\/novoportal\/wp-json\/wp\/v2\/media\/87032"}],"wp:attachment":[{"href":"https:\/\/www.sudoestehoje.com.br\/novoportal\/wp-json\/wp\/v2\/media?parent=87030"}],"wp:term":[{"taxonomy":"category","embeddable":true,"href":"https:\/\/www.sudoestehoje.com.br\/novoportal\/wp-json\/wp\/v2\/categories?post=87030"},{"taxonomy":"post_tag","embeddable":true,"href":"https:\/\/www.sudoestehoje.com.br\/novoportal\/wp-json\/wp\/v2\/tags?post=87030"}],"curies":[{"name":"wp","href":"https:\/\/api.w.org\/{rel}","templated":true}]}}