
{"id":87012,"date":"2020-05-25T23:16:08","date_gmt":"2020-05-26T02:16:08","guid":{"rendered":"https:\/\/www.sudoestehoje.com.br\/novoportal\/?p=87012"},"modified":"2020-05-25T23:16:08","modified_gmt":"2020-05-26T02:16:08","slug":"regiao-macarani-registra-1o-caso-de-coronavirus-maiquinique-registra-5","status":"publish","type":"post","link":"https:\/\/www.sudoestehoje.com.br\/novoportal\/2020\/05\/25\/regiao-macarani-registra-1o-caso-de-coronavirus-maiquinique-registra-5\/","title":{"rendered":"REGI\u00c3O: MACARANI REGISTRA 1\u00ba CASO DE CORONAV\u00cdRUS; MAIQUINIQUE REGISTRA 5"},"content":{"rendered":"<p><a href=\"https:\/\/www.sudoestehoje.com.br\/novoportal\/wp-content\/uploads\/2020\/05\/covid-macarani.jpeg\"><img loading=\"lazy\" decoding=\"async\" class=\"aligncenter  wp-image-87014\" src=\"https:\/\/www.sudoestehoje.com.br\/novoportal\/wp-content\/uploads\/2020\/05\/covid-macarani-500x501.jpeg\" alt=\"\" width=\"499\" height=\"500\" srcset=\"https:\/\/www.sudoestehoje.com.br\/novoportal\/wp-content\/uploads\/2020\/05\/covid-macarani-500x501.jpeg 500w, https:\/\/www.sudoestehoje.com.br\/novoportal\/wp-content\/uploads\/2020\/05\/covid-macarani-150x150.jpeg 150w, https:\/\/www.sudoestehoje.com.br\/novoportal\/wp-content\/uploads\/2020\/05\/covid-macarani.jpeg 640w\" sizes=\"auto, (max-width: 499px) 100vw, 499px\" \/><\/a><\/p>\n<p>No M\u00e9dio Sudoeste da Bahia, apenas Itapetinga, Itoror\u00f3, Itarantim e Potiragu\u00e1 haviam registrado casos de pacientes infectados com coronav\u00edrus, mas esse quadro come\u00e7a a mudar, com novos munic\u00edpios sendo afetados pelo Covid-19.<\/p>\n<p>Na noite desta segunda-feira (25), o prefeito de Macarani, Miller Ferraz, informou que um paciente que havia dado entrada no Hospital Municipal S\u00e3o Pedro, com sintomas da Covid-19, teve diagn\u00f3stico positivo para o novo v\u00edrus confirmado pelo Lacen.<\/p>\n<p>Segundo o prefeito, o paciente est\u00e1 internado na UTI do Hospital de Cl\u00ednicas de Vit\u00f3ria da Conquista, em recupera\u00e7\u00e3o.\u00a0Trata-se do primeiro caso da Covid-19 em Macarani.<\/p>\n<p><span style=\"color: #800080;\">MAIQUINIQUE REGISTRA 5 CASOS<\/span><\/p>\n<p><a href=\"https:\/\/www.sudoestehoje.com.br\/novoportal\/wp-content\/uploads\/2020\/05\/covid-maiquinique.jpeg\"><img loading=\"lazy\" decoding=\"async\" class=\"aligncenter  wp-image-87013\" src=\"https:\/\/www.sudoestehoje.com.br\/novoportal\/wp-content\/uploads\/2020\/05\/covid-maiquinique-463x700.jpeg\" alt=\"\" width=\"499\" height=\"754\" srcset=\"https:\/\/www.sudoestehoje.com.br\/novoportal\/wp-content\/uploads\/2020\/05\/covid-maiquinique-463x700.jpeg 463w, https:\/\/www.sudoestehoje.com.br\/novoportal\/wp-content\/uploads\/2020\/05\/covid-maiquinique-596x900.jpeg 596w, https:\/\/www.sudoestehoje.com.br\/novoportal\/wp-content\/uploads\/2020\/05\/covid-maiquinique.jpeg 678w\" sizes=\"auto, (max-width: 499px) 100vw, 499px\" \/><\/a><\/p>\n<p>J\u00e1 em Maiquinique, a situa\u00e7\u00e3o \u00e9 bem mais grave, com a divulga\u00e7\u00e3o de 5 casos de uma s\u00f3 vez, nesta segunda-feira, pela Secretaria Municipal de Sa\u00fade.<\/p>\n<p>Os 5 pacientes infectados pela Covid-19 est\u00e3o em isolamento e a prefeitura informou que todos os protocolos est\u00e3o sendo respeitados.<\/p>\n<p><strong><em>Por Davi Ferraz<\/em><\/strong><\/p>\n","protected":false},"excerpt":{"rendered":"<p>No M\u00e9dio Sudoeste da Bahia, apenas Itapetinga, Itoror\u00f3, Itarantim e Potiragu\u00e1 haviam registrado casos de pacientes infectados com coronav\u00edrus, mas esse quadro come\u00e7a a mudar, com novos munic\u00edpios sendo afetados pelo Covid-19. Na noite desta segunda-feira (25), o prefeito de Macarani, Miller Ferraz, informou que um paciente que havia dado entrada no Hospital Municipal S\u00e3o [&hellip;]<\/p>\n","protected":false},"author":2,"featured_media":87014,"comment_status":"open","ping_status":"open","sticky":false,"template":"","format":"standard","meta":{"footnotes":"","_links_to":"","_links_to_target":""},"categories":[1],"tags":[],"class_list":["post-87012","post","type-post","status-publish","format-standard","has-post-thumbnail","hentry","category-geral"],"views":1403,"_links":{"self":[{"href":"https:\/\/www.sudoestehoje.com.br\/novoportal\/wp-json\/wp\/v2\/posts\/87012","targetHints":{"allow":["GET"]}}],"collection":[{"href":"https:\/\/www.sudoestehoje.com.br\/novoportal\/wp-json\/wp\/v2\/posts"}],"about":[{"href":"https:\/\/www.sudoestehoje.com.br\/novoportal\/wp-json\/wp\/v2\/types\/post"}],"author":[{"embeddable":true,"href":"https:\/\/www.sudoestehoje.com.br\/novoportal\/wp-json\/wp\/v2\/users\/2"}],"replies":[{"embeddable":true,"href":"https:\/\/www.sudoestehoje.com.br\/novoportal\/wp-json\/wp\/v2\/comments?post=87012"}],"version-history":[{"count":3,"href":"https:\/\/www.sudoestehoje.com.br\/novoportal\/wp-json\/wp\/v2\/posts\/87012\/revisions"}],"predecessor-version":[{"id":87017,"href":"https:\/\/www.sudoestehoje.com.br\/novoportal\/wp-json\/wp\/v2\/posts\/87012\/revisions\/87017"}],"wp:featuredmedia":[{"embeddable":true,"href":"https:\/\/www.sudoestehoje.com.br\/novoportal\/wp-json\/wp\/v2\/media\/87014"}],"wp:attachment":[{"href":"https:\/\/www.sudoestehoje.com.br\/novoportal\/wp-json\/wp\/v2\/media?parent=87012"}],"wp:term":[{"taxonomy":"category","embeddable":true,"href":"https:\/\/www.sudoestehoje.com.br\/novoportal\/wp-json\/wp\/v2\/categories?post=87012"},{"taxonomy":"post_tag","embeddable":true,"href":"https:\/\/www.sudoestehoje.com.br\/novoportal\/wp-json\/wp\/v2\/tags?post=87012"}],"curies":[{"name":"wp","href":"https:\/\/api.w.org\/{rel}","templated":true}]}}