
{"id":87008,"date":"2020-05-25T22:30:35","date_gmt":"2020-05-26T01:30:35","guid":{"rendered":"https:\/\/www.sudoestehoje.com.br\/novoportal\/?p=87008"},"modified":"2020-05-25T22:30:35","modified_gmt":"2020-05-26T01:30:35","slug":"senado-so-deve-decidir-sobre-adiamento-das-eleicoes-no-mes-de-julho","status":"publish","type":"post","link":"https:\/\/www.sudoestehoje.com.br\/novoportal\/2020\/05\/25\/senado-so-deve-decidir-sobre-adiamento-das-eleicoes-no-mes-de-julho\/","title":{"rendered":"SENADO S\u00d3 DEVE DECIDIR SOBRE ADIAMENTO DAS ELEI\u00c7\u00d5ES NO M\u00caS DE JULHO"},"content":{"rendered":"<p><a href=\"https:\/\/www.sudoestehoje.com.br\/novoportal\/wp-content\/uploads\/2020\/05\/ADIAMENTO-ELEI\u00c7\u00d5ES-SENADO.jpg\"><img loading=\"lazy\" decoding=\"async\" class=\"aligncenter size-medium wp-image-87010\" src=\"https:\/\/www.sudoestehoje.com.br\/novoportal\/wp-content\/uploads\/2020\/05\/ADIAMENTO-ELEI\u00c7\u00d5ES-SENADO-500x331.jpg\" alt=\"\" width=\"500\" height=\"331\" srcset=\"https:\/\/www.sudoestehoje.com.br\/novoportal\/wp-content\/uploads\/2020\/05\/ADIAMENTO-ELEI\u00c7\u00d5ES-SENADO-500x331.jpg 500w, https:\/\/www.sudoestehoje.com.br\/novoportal\/wp-content\/uploads\/2020\/05\/ADIAMENTO-ELEI\u00c7\u00d5ES-SENADO-700x464.jpg 700w, https:\/\/www.sudoestehoje.com.br\/novoportal\/wp-content\/uploads\/2020\/05\/ADIAMENTO-ELEI\u00c7\u00d5ES-SENADO-768x509.jpg 768w, https:\/\/www.sudoestehoje.com.br\/novoportal\/wp-content\/uploads\/2020\/05\/ADIAMENTO-ELEI\u00c7\u00d5ES-SENADO.jpg 860w\" sizes=\"auto, (max-width: 500px) 100vw, 500px\" \/><\/a><\/p>\n<p>A decis\u00e3o sobre mudar a legisla\u00e7\u00e3o para adiar as elei\u00e7\u00f5es municipais deste ano \u2013 programada para outubro \u2013 s\u00f3 ser\u00e1 tomada pelo Senado em julho. A decis\u00e3o foi tomada durante reuni\u00e3o de l\u00edderes partid\u00e1rios com o presidente da Casa e do Congresso, Davi Alcolumbre (DEM-AP).<\/p>\n<p>Os senadores querem aguardar at\u00e9 30 de junho para saber a din\u00e2mica do novo coronav\u00edrus at\u00e9 aquela data. \u201cVamos esperar e ver os efeitos dessa pandemia, da curva da pandemia no Brasil, pra tomar uma decis\u00e3o. At\u00e9 l\u00e1 n\u00e3o tem nada definido\u201d, defendeu o l\u00edder do PDT, senador Weverton (MA).<\/p>\n<p>Na pr\u00f3xima sexta-feira (29) uma comiss\u00e3o de parlamentares deve fazer uma visita ao ministro Lu\u00eds Roberto Barroso, do Supremo Tribunal Federal (STF). Eles devem discutir a situa\u00e7\u00e3o das elei\u00e7\u00f5es junto com uma comiss\u00e3o do tribunal. Barroso assume o tribunal eleitoral nesta segunda-feira.<\/p>\n<p>Em sess\u00e3o plen\u00e1ria remota, o Senado aprovou nesta egunda a Medida Provis\u00f3ria 918\/202. A mat\u00e9ria altera a estrutura de fun\u00e7\u00f5es comissionadas e cargos em comiss\u00e3o na Pol\u00edcia Federal. Com esta vota\u00e7\u00e3o, a MP vai a promulga\u00e7\u00e3o. Segundo o executivo, autor da proposta, a cria\u00e7\u00e3o de 526 fun\u00e7\u00f5es e cria\u00e7\u00e3o de 344 cargos visam fortalecer as unidades descentralizadas da institui\u00e7\u00e3o.<\/p>\n","protected":false},"excerpt":{"rendered":"<p>A decis\u00e3o sobre mudar a legisla\u00e7\u00e3o para adiar as elei\u00e7\u00f5es municipais deste ano \u2013 programada para outubro \u2013 s\u00f3 ser\u00e1 tomada pelo Senado em julho. A decis\u00e3o foi tomada durante reuni\u00e3o de l\u00edderes partid\u00e1rios com o presidente da Casa e do Congresso, Davi Alcolumbre (DEM-AP). Os senadores querem aguardar at\u00e9 30 de junho para saber [&hellip;]<\/p>\n","protected":false},"author":2,"featured_media":87010,"comment_status":"open","ping_status":"open","sticky":false,"template":"","format":"standard","meta":{"footnotes":"","_links_to":"","_links_to_target":""},"categories":[1],"tags":[],"class_list":["post-87008","post","type-post","status-publish","format-standard","has-post-thumbnail","hentry","category-geral"],"views":858,"_links":{"self":[{"href":"https:\/\/www.sudoestehoje.com.br\/novoportal\/wp-json\/wp\/v2\/posts\/87008","targetHints":{"allow":["GET"]}}],"collection":[{"href":"https:\/\/www.sudoestehoje.com.br\/novoportal\/wp-json\/wp\/v2\/posts"}],"about":[{"href":"https:\/\/www.sudoestehoje.com.br\/novoportal\/wp-json\/wp\/v2\/types\/post"}],"author":[{"embeddable":true,"href":"https:\/\/www.sudoestehoje.com.br\/novoportal\/wp-json\/wp\/v2\/users\/2"}],"replies":[{"embeddable":true,"href":"https:\/\/www.sudoestehoje.com.br\/novoportal\/wp-json\/wp\/v2\/comments?post=87008"}],"version-history":[{"count":2,"href":"https:\/\/www.sudoestehoje.com.br\/novoportal\/wp-json\/wp\/v2\/posts\/87008\/revisions"}],"predecessor-version":[{"id":87011,"href":"https:\/\/www.sudoestehoje.com.br\/novoportal\/wp-json\/wp\/v2\/posts\/87008\/revisions\/87011"}],"wp:featuredmedia":[{"embeddable":true,"href":"https:\/\/www.sudoestehoje.com.br\/novoportal\/wp-json\/wp\/v2\/media\/87010"}],"wp:attachment":[{"href":"https:\/\/www.sudoestehoje.com.br\/novoportal\/wp-json\/wp\/v2\/media?parent=87008"}],"wp:term":[{"taxonomy":"category","embeddable":true,"href":"https:\/\/www.sudoestehoje.com.br\/novoportal\/wp-json\/wp\/v2\/categories?post=87008"},{"taxonomy":"post_tag","embeddable":true,"href":"https:\/\/www.sudoestehoje.com.br\/novoportal\/wp-json\/wp\/v2\/tags?post=87008"}],"curies":[{"name":"wp","href":"https:\/\/api.w.org\/{rel}","templated":true}]}}