
{"id":87003,"date":"2020-05-25T20:23:25","date_gmt":"2020-05-25T23:23:25","guid":{"rendered":"https:\/\/www.sudoestehoje.com.br\/novoportal\/?p=87003"},"modified":"2020-05-25T20:23:25","modified_gmt":"2020-05-25T23:23:25","slug":"brasil-registra-807-mortes-por-coronavirus-nas-ultimas-24-horas-e-chega-a-23-473-obitos","status":"publish","type":"post","link":"https:\/\/www.sudoestehoje.com.br\/novoportal\/2020\/05\/25\/brasil-registra-807-mortes-por-coronavirus-nas-ultimas-24-horas-e-chega-a-23-473-obitos\/","title":{"rendered":"BRASIL REGISTRA 807 MORTES POR CORONAV\u00cdRUS NAS \u00daLTIMAS 24 HORAS E CHEGA A 23.473 \u00d3BITOS"},"content":{"rendered":"<div class=\"mc-column content-text active-extra-styles active-capital-letter\" data-block-type=\"unstyled\" data-block-weight=\"24\" data-block-id=\"1\">\n<p data-track-category=\"Link no Texto\" data-track-links=\"\"><a href=\"https:\/\/www.sudoestehoje.com.br\/novoportal\/wp-content\/uploads\/2020\/05\/OBITOS-POR-ESTADO.jpg\"><img loading=\"lazy\" decoding=\"async\" class=\"aligncenter  wp-image-87005\" src=\"https:\/\/www.sudoestehoje.com.br\/novoportal\/wp-content\/uploads\/2020\/05\/OBITOS-POR-ESTADO-500x267.jpg\" alt=\"\" width=\"500\" height=\"267\" srcset=\"https:\/\/www.sudoestehoje.com.br\/novoportal\/wp-content\/uploads\/2020\/05\/OBITOS-POR-ESTADO-500x267.jpg 500w, https:\/\/www.sudoestehoje.com.br\/novoportal\/wp-content\/uploads\/2020\/05\/OBITOS-POR-ESTADO-700x374.jpg 700w, https:\/\/www.sudoestehoje.com.br\/novoportal\/wp-content\/uploads\/2020\/05\/OBITOS-POR-ESTADO-768x411.jpg 768w, https:\/\/www.sudoestehoje.com.br\/novoportal\/wp-content\/uploads\/2020\/05\/OBITOS-POR-ESTADO.jpg 984w\" sizes=\"auto, (max-width: 500px) 100vw, 500px\" \/><\/a><\/p>\n<p class=\"content-text__container theme-color-primary-first-letter\" data-track-category=\"Link no Texto\" data-track-links=\"\">O Minist\u00e9rio da Sa\u00fade divulgou nesta segunda-feira (25) o mais recente balan\u00e7o de casos e mortes causadas pelo novo coronav\u00edrus. Os principais dados s\u00e3o:<\/p>\n<\/div>\n<div class=\"wall protected-content\">\n<div class=\"mc-column content-text active-extra-styles\" data-block-type=\"raw\" data-block-weight=\"35\" data-block-id=\"2\">\n<ul class=\"content-unordered-list\">\n<li><strong>23.473 mortes<\/strong>, eram 22.666 no domingo (24)<\/li>\n<li>Foram 807 registros de morte inclu\u00eddos no balan\u00e7o em 24 horas<\/li>\n<li><strong>374.898 casos confirmados<\/strong><\/li>\n<li>Foram 11.687 novos casos inclu\u00eddos no balan\u00e7o em 24 horas<\/li>\n<li>153.833 pacientes recuperados (41%)<\/li>\n<\/ul>\n<\/div>\n<div class=\"mc-column content-text active-extra-styles \" data-block-type=\"unstyled\" data-block-weight=\"45\" data-block-id=\"3\">\n<p class=\"content-text__container \" data-track-category=\"Link no Texto\" data-track-links=\"\">S\u00e3o Paulo, Rio de Janeiro e Cear\u00e1 s\u00e3o os tr\u00eas estados que mais registraram casos e mortes pela infec\u00e7\u00e3o causada pelo novo coronav\u00edrus Sars-Cov-2 no Brasil. Apenas os tr\u00eas estados s\u00e3o respons\u00e1veis por mais da metade (54%) das mortes por complica\u00e7\u00f5es da Covid-19 no pa\u00eds.<\/p>\n<\/div>\n<div class=\"mc-column content-text active-extra-styles\" data-block-type=\"raw\" data-block-weight=\"15\" data-block-id=\"4\">\n<ul class=\"content-unordered-list\">\n<li><strong>SP:\u00a0<\/strong>83.625 casos, 6.220 mortes<\/li>\n<li><strong>RJ:<\/strong>\u00a039.298 casos, 4,105 mortes<\/li>\n<li><strong>CE:\u00a0<\/strong>36.185 casos, 2.493 mortes<\/li>\n<\/ul>\n<\/div>\n<div class=\"mc-column content-text active-extra-styles \" data-block-type=\"unstyled\" data-block-weight=\"25\" data-block-id=\"5\">\n<p class=\"content-text__container \" data-track-category=\"Link no Texto\" data-track-links=\"\">Segundo o balan\u00e7o desta segunda, dos mais de 23 mil \u00f3bitos, 270 aconteceram nos \u00faltimos 3 dias e ao menos 3.742 ainda est\u00e3o em investiga\u00e7\u00e3o.<\/p>\n<\/div>\n<\/div>\n","protected":false},"excerpt":{"rendered":"<p>O Minist\u00e9rio da Sa\u00fade divulgou nesta segunda-feira (25) o mais recente balan\u00e7o de casos e mortes causadas pelo novo coronav\u00edrus. Os principais dados s\u00e3o: 23.473 mortes, eram 22.666 no domingo (24) Foram 807 registros de morte inclu\u00eddos no balan\u00e7o em 24 horas 374.898 casos confirmados Foram 11.687 novos casos inclu\u00eddos no balan\u00e7o em 24 horas [&hellip;]<\/p>\n","protected":false},"author":2,"featured_media":87005,"comment_status":"open","ping_status":"open","sticky":false,"template":"","format":"standard","meta":{"footnotes":"","_links_to":"","_links_to_target":""},"categories":[1],"tags":[],"class_list":["post-87003","post","type-post","status-publish","format-standard","has-post-thumbnail","hentry","category-geral"],"views":997,"_links":{"self":[{"href":"https:\/\/www.sudoestehoje.com.br\/novoportal\/wp-json\/wp\/v2\/posts\/87003","targetHints":{"allow":["GET"]}}],"collection":[{"href":"https:\/\/www.sudoestehoje.com.br\/novoportal\/wp-json\/wp\/v2\/posts"}],"about":[{"href":"https:\/\/www.sudoestehoje.com.br\/novoportal\/wp-json\/wp\/v2\/types\/post"}],"author":[{"embeddable":true,"href":"https:\/\/www.sudoestehoje.com.br\/novoportal\/wp-json\/wp\/v2\/users\/2"}],"replies":[{"embeddable":true,"href":"https:\/\/www.sudoestehoje.com.br\/novoportal\/wp-json\/wp\/v2\/comments?post=87003"}],"version-history":[{"count":2,"href":"https:\/\/www.sudoestehoje.com.br\/novoportal\/wp-json\/wp\/v2\/posts\/87003\/revisions"}],"predecessor-version":[{"id":87006,"href":"https:\/\/www.sudoestehoje.com.br\/novoportal\/wp-json\/wp\/v2\/posts\/87003\/revisions\/87006"}],"wp:featuredmedia":[{"embeddable":true,"href":"https:\/\/www.sudoestehoje.com.br\/novoportal\/wp-json\/wp\/v2\/media\/87005"}],"wp:attachment":[{"href":"https:\/\/www.sudoestehoje.com.br\/novoportal\/wp-json\/wp\/v2\/media?parent=87003"}],"wp:term":[{"taxonomy":"category","embeddable":true,"href":"https:\/\/www.sudoestehoje.com.br\/novoportal\/wp-json\/wp\/v2\/categories?post=87003"},{"taxonomy":"post_tag","embeddable":true,"href":"https:\/\/www.sudoestehoje.com.br\/novoportal\/wp-json\/wp\/v2\/tags?post=87003"}],"curies":[{"name":"wp","href":"https:\/\/api.w.org\/{rel}","templated":true}]}}