
{"id":86988,"date":"2020-05-23T20:54:51","date_gmt":"2020-05-23T23:54:51","guid":{"rendered":"https:\/\/www.sudoestehoje.com.br\/novoportal\/?p=86988"},"modified":"2020-05-23T20:56:50","modified_gmt":"2020-05-23T23:56:50","slug":"rui-costa-sanciona-lei-que-antecipa-feriados-de-sao-joao-e-2-de-julho","status":"publish","type":"post","link":"https:\/\/www.sudoestehoje.com.br\/novoportal\/2020\/05\/23\/rui-costa-sanciona-lei-que-antecipa-feriados-de-sao-joao-e-2-de-julho\/","title":{"rendered":"RUI COSTA SANCIONA LEI QUE ANTECIPA FERIADOS DE S\u00c3O JO\u00c3O E 2 DE JULHO"},"content":{"rendered":"<p><a href=\"https:\/\/www.sudoestehoje.com.br\/novoportal\/wp-content\/uploads\/2020\/05\/RUI-FERIADOS.jpeg\"><img loading=\"lazy\" decoding=\"async\" class=\"aligncenter size-medium wp-image-86992\" src=\"https:\/\/www.sudoestehoje.com.br\/novoportal\/wp-content\/uploads\/2020\/05\/RUI-FERIADOS-500x265.jpeg\" alt=\"\" width=\"500\" height=\"265\" srcset=\"https:\/\/www.sudoestehoje.com.br\/novoportal\/wp-content\/uploads\/2020\/05\/RUI-FERIADOS-500x265.jpeg 500w, https:\/\/www.sudoestehoje.com.br\/novoportal\/wp-content\/uploads\/2020\/05\/RUI-FERIADOS-700x371.jpeg 700w, https:\/\/www.sudoestehoje.com.br\/novoportal\/wp-content\/uploads\/2020\/05\/RUI-FERIADOS-768x407.jpeg 768w, https:\/\/www.sudoestehoje.com.br\/novoportal\/wp-content\/uploads\/2020\/05\/RUI-FERIADOS.jpeg 1000w\" sizes=\"auto, (max-width: 500px) 100vw, 500px\" \/><\/a><\/p>\n<p>No fim da manh\u00e3 deste s\u00e1bado (23), o governador Rui Costa sancionou a lei que antecipa para todas as cidades do estado os feriados de S\u00e3o Jo\u00e3o (24\/06) e da Independ\u00eancia da Bahia (02\/07) para as pr\u00f3ximas segunda e ter\u00e7a-feira (25 e 26\/06), respectivamente. A Assembleia Legislativa da Bahia (Alba) aprovou o projeto, de autoria do Poder Executivo, durante vota\u00e7\u00e3o extraordin\u00e1ria realizada hoje.<\/p>\n<p>Na quarta-feira, dia 27 de maio, os munic\u00edpios baianos que desejarem poder\u00e3o antecipar um feriado municipal previsto para este ano. Em Salvador, por exemplo, o prefeito ACM Neto antecipou o feriado de 8 de dezembro, referente aos festejos de Nossa Senhora da Concei\u00e7\u00e3o da Praia para o dia 27\/05. Feira de Santana, Lauro de Freitas, Itabuna, Ilh\u00e9us, Jequi\u00e9, Candeias, Ipia\u00fa e Cama\u00e7ari tamb\u00e9m v\u00e3o antecipar feriados municipais para a pr\u00f3xima quarta-feira.<\/p>\n<p>Todas as entidades, inclusive as banc\u00e1rias, dever\u00e3o seguir o que determina a legisla\u00e7\u00e3o estadual, municipal e federal. Neste caso espec\u00edfico, a lei estadual determina que segunda e ter\u00e7a ser\u00e3o feriados, portanto os bancos est\u00e3o proibidos de funcionar.<\/p>\n<p><strong>Quinta e sexta<\/strong><\/p>\n<p>Em decreto publicado no Di\u00e1rio Oficial deste s\u00e1bado, o governador Rui Costa tamb\u00e9m determinou a suspens\u00e3o dos servi\u00e7os n\u00e3o essenciais nos dias 28 e 29\/05 (quinta e sexta da pr\u00f3xima semana) em nove cidades com mais de cem casos confirmados da Covid-19: Salvador, Feira de Santana, Lauro de Freitas, Itabuna, Ilh\u00e9us, Jequi\u00e9, Candeias, Ipia\u00fa e Cama\u00e7ari. Nestes locais, ser\u00e1 permitido apenas o funcionamento das ag\u00eancias banc\u00e1rias, farm\u00e1cias, ind\u00fastrias, limpeza p\u00fablica, manuten\u00e7\u00e3o urbana, supermercados e outros servi\u00e7os relacionados a sa\u00fade e seguran\u00e7a.<\/p>\n<p>Em transmiss\u00e3o ao vivo nas redes sociais, o governador Rui Costa anunciou as medidas ontem (22) e destacou que esta antecipa\u00e7\u00e3o tem por finalidade reduzir a taxa de dissemina\u00e7\u00e3o do novo coronav\u00edrus, que hoje est\u00e1 em pouco mais de 5% na Bahia.<\/p>\n","protected":false},"excerpt":{"rendered":"<p>No fim da manh\u00e3 deste s\u00e1bado (23), o governador Rui Costa sancionou a lei que antecipa para todas as cidades do estado os feriados de S\u00e3o Jo\u00e3o (24\/06) e da Independ\u00eancia da Bahia (02\/07) para as pr\u00f3ximas segunda e ter\u00e7a-feira (25 e 26\/06), respectivamente. A Assembleia Legislativa da Bahia (Alba) aprovou o projeto, de autoria [&hellip;]<\/p>\n","protected":false},"author":2,"featured_media":86992,"comment_status":"open","ping_status":"open","sticky":false,"template":"","format":"standard","meta":{"footnotes":"","_links_to":"","_links_to_target":""},"categories":[1],"tags":[],"class_list":["post-86988","post","type-post","status-publish","format-standard","has-post-thumbnail","hentry","category-geral"],"views":1314,"_links":{"self":[{"href":"https:\/\/www.sudoestehoje.com.br\/novoportal\/wp-json\/wp\/v2\/posts\/86988","targetHints":{"allow":["GET"]}}],"collection":[{"href":"https:\/\/www.sudoestehoje.com.br\/novoportal\/wp-json\/wp\/v2\/posts"}],"about":[{"href":"https:\/\/www.sudoestehoje.com.br\/novoportal\/wp-json\/wp\/v2\/types\/post"}],"author":[{"embeddable":true,"href":"https:\/\/www.sudoestehoje.com.br\/novoportal\/wp-json\/wp\/v2\/users\/2"}],"replies":[{"embeddable":true,"href":"https:\/\/www.sudoestehoje.com.br\/novoportal\/wp-json\/wp\/v2\/comments?post=86988"}],"version-history":[{"count":4,"href":"https:\/\/www.sudoestehoje.com.br\/novoportal\/wp-json\/wp\/v2\/posts\/86988\/revisions"}],"predecessor-version":[{"id":86993,"href":"https:\/\/www.sudoestehoje.com.br\/novoportal\/wp-json\/wp\/v2\/posts\/86988\/revisions\/86993"}],"wp:featuredmedia":[{"embeddable":true,"href":"https:\/\/www.sudoestehoje.com.br\/novoportal\/wp-json\/wp\/v2\/media\/86992"}],"wp:attachment":[{"href":"https:\/\/www.sudoestehoje.com.br\/novoportal\/wp-json\/wp\/v2\/media?parent=86988"}],"wp:term":[{"taxonomy":"category","embeddable":true,"href":"https:\/\/www.sudoestehoje.com.br\/novoportal\/wp-json\/wp\/v2\/categories?post=86988"},{"taxonomy":"post_tag","embeddable":true,"href":"https:\/\/www.sudoestehoje.com.br\/novoportal\/wp-json\/wp\/v2\/tags?post=86988"}],"curies":[{"name":"wp","href":"https:\/\/api.w.org\/{rel}","templated":true}]}}