
{"id":86981,"date":"2020-05-23T20:31:20","date_gmt":"2020-05-23T23:31:20","guid":{"rendered":"https:\/\/www.sudoestehoje.com.br\/novoportal\/?p=86981"},"modified":"2020-05-23T20:31:20","modified_gmt":"2020-05-23T23:31:20","slug":"itapetinga-prefeitura-organiza-formas-de-acolhimento-a-pessoas-em-situacao-de-rua","status":"publish","type":"post","link":"https:\/\/www.sudoestehoje.com.br\/novoportal\/2020\/05\/23\/itapetinga-prefeitura-organiza-formas-de-acolhimento-a-pessoas-em-situacao-de-rua\/","title":{"rendered":"ITAPETINGA: PREFEITURA ORGANIZA FORMAS DE ACOLHIMENTO A PESSOAS EM SITUA\u00c7\u00c3O DE RUA"},"content":{"rendered":"<p data-raofz=\"16\"><a href=\"https:\/\/www.sudoestehoje.com.br\/novoportal\/wp-content\/uploads\/2020\/05\/MORADOR-DE-RUA.jpg\"><img loading=\"lazy\" decoding=\"async\" class=\"aligncenter size-medium wp-image-86982\" src=\"https:\/\/www.sudoestehoje.com.br\/novoportal\/wp-content\/uploads\/2020\/05\/MORADOR-DE-RUA-500x281.jpg\" alt=\"\" width=\"500\" height=\"281\" srcset=\"https:\/\/www.sudoestehoje.com.br\/novoportal\/wp-content\/uploads\/2020\/05\/MORADOR-DE-RUA-500x281.jpg 500w, https:\/\/www.sudoestehoje.com.br\/novoportal\/wp-content\/uploads\/2020\/05\/MORADOR-DE-RUA-700x394.jpg 700w, https:\/\/www.sudoestehoje.com.br\/novoportal\/wp-content\/uploads\/2020\/05\/MORADOR-DE-RUA-768x432.jpg 768w, https:\/\/www.sudoestehoje.com.br\/novoportal\/wp-content\/uploads\/2020\/05\/MORADOR-DE-RUA.jpg 960w\" sizes=\"auto, (max-width: 500px) 100vw, 500px\" \/><\/a><\/p>\n<p data-raofz=\"16\">Em tempos de pandemia, a prefeitura de Itapetinga tem se preocupado com pessoas vulner\u00e1veis, em situa\u00e7\u00e3o de rua, com poucas condi\u00e7\u00f5es de cuidarem da sa\u00fade. Na tarde desta sexta-feira, 22, as equipes das Secretarias de Desenvolvimento Social e de Sa\u00fade se reuniram para definirem planos de acolhimento dessa popula\u00e7\u00e3o.<\/p>\n<p data-raofz=\"16\">Desde abril, a prefeitura executa a\u00e7\u00f5es de prote\u00e7\u00e3o e amparo. Ap\u00f3s reuni\u00e3o com a Defensoria P\u00fablica, a Secretaria de Desenvolvimento Social, em parceria com igrejas e associa\u00e7\u00f5es municipais, vem catalogando as pessoas e distribuindo tr\u00eas refei\u00e7\u00f5es di\u00e1rias. Al\u00e9m disso, as equipes de sa\u00fade mental e do CREAS v\u00eam prestando atendimento e apoio, inclusive, para regulariza\u00e7\u00e3o de documentos.<\/p>\n<p data-raofz=\"16\">Agora, ap\u00f3s libera\u00e7\u00e3o de verba federal, a secretaria organiza local para acolhimento desse p\u00fablico. O valor de R$ 284.000,00, disponibilizado no dia 08 deste m\u00eas, ser\u00e3o destinados para a compra de EPI, alimenta\u00e7\u00e3o e para estruturar local e formas de acolhimento.<\/p>\n<p data-raofz=\"16\">\u201cN\u00f3s temos o plano de a\u00e7\u00e3o, chegamos a iniciar as cota\u00e7\u00f5es para compras diretas, mas buscando manter isonomia e transpar\u00eancia no trato com o er\u00e1rio p\u00fablico, o nosso gestor sugeriu que continu\u00e1ssemos a fazer as compras atrav\u00e9s de licita\u00e7\u00f5es\u201d, falou a Secret\u00e1ria Virg\u00ednia Brito ao afirmar que na pr\u00f3xima semana o local para alojar esses andarilhos estar\u00e1 pronto.<br \/>\nA estrutura para montar essa esp\u00e9cie de alojamento \u00e9 grande. Ser\u00e3o 10 profissionais, entre seguran\u00e7as, servi\u00e7os gerais, cuidadores, assistente social, psic\u00f3logo e enfermeiros. A prefeitura ir\u00e1 contratar e capacitar a todos e estabelecer um protocolo para funcionamento do local que ser\u00e1 montado no Gin\u00e1sio de Esportes.<\/p>\n<p data-raofz=\"16\">Al\u00e9m disso, ser\u00e1 necess\u00e1ria a compra de roupas de cama e banho, lavadora de roupas, material higiene pessoal e limpeza, arm\u00e1rios e de tudo mais para montar um dormit\u00f3rio capaz de acolher de forma humanizada e, acima de tudo, humanizada, cuidando de todos os itapetinguenses.<\/p>\n","protected":false},"excerpt":{"rendered":"<p>Em tempos de pandemia, a prefeitura de Itapetinga tem se preocupado com pessoas vulner\u00e1veis, em situa\u00e7\u00e3o de rua, com poucas condi\u00e7\u00f5es de cuidarem da sa\u00fade. Na tarde desta sexta-feira, 22, as equipes das Secretarias de Desenvolvimento Social e de Sa\u00fade se reuniram para definirem planos de acolhimento dessa popula\u00e7\u00e3o. Desde abril, a prefeitura executa a\u00e7\u00f5es [&hellip;]<\/p>\n","protected":false},"author":2,"featured_media":86982,"comment_status":"open","ping_status":"open","sticky":false,"template":"","format":"standard","meta":{"footnotes":"","_links_to":"","_links_to_target":""},"categories":[1],"tags":[],"class_list":["post-86981","post","type-post","status-publish","format-standard","has-post-thumbnail","hentry","category-geral"],"views":1160,"_links":{"self":[{"href":"https:\/\/www.sudoestehoje.com.br\/novoportal\/wp-json\/wp\/v2\/posts\/86981","targetHints":{"allow":["GET"]}}],"collection":[{"href":"https:\/\/www.sudoestehoje.com.br\/novoportal\/wp-json\/wp\/v2\/posts"}],"about":[{"href":"https:\/\/www.sudoestehoje.com.br\/novoportal\/wp-json\/wp\/v2\/types\/post"}],"author":[{"embeddable":true,"href":"https:\/\/www.sudoestehoje.com.br\/novoportal\/wp-json\/wp\/v2\/users\/2"}],"replies":[{"embeddable":true,"href":"https:\/\/www.sudoestehoje.com.br\/novoportal\/wp-json\/wp\/v2\/comments?post=86981"}],"version-history":[{"count":1,"href":"https:\/\/www.sudoestehoje.com.br\/novoportal\/wp-json\/wp\/v2\/posts\/86981\/revisions"}],"predecessor-version":[{"id":86983,"href":"https:\/\/www.sudoestehoje.com.br\/novoportal\/wp-json\/wp\/v2\/posts\/86981\/revisions\/86983"}],"wp:featuredmedia":[{"embeddable":true,"href":"https:\/\/www.sudoestehoje.com.br\/novoportal\/wp-json\/wp\/v2\/media\/86982"}],"wp:attachment":[{"href":"https:\/\/www.sudoestehoje.com.br\/novoportal\/wp-json\/wp\/v2\/media?parent=86981"}],"wp:term":[{"taxonomy":"category","embeddable":true,"href":"https:\/\/www.sudoestehoje.com.br\/novoportal\/wp-json\/wp\/v2\/categories?post=86981"},{"taxonomy":"post_tag","embeddable":true,"href":"https:\/\/www.sudoestehoje.com.br\/novoportal\/wp-json\/wp\/v2\/tags?post=86981"}],"curies":[{"name":"wp","href":"https:\/\/api.w.org\/{rel}","templated":true}]}}