
{"id":86970,"date":"2020-05-23T19:52:51","date_gmt":"2020-05-23T22:52:51","guid":{"rendered":"https:\/\/www.sudoestehoje.com.br\/novoportal\/?p=86970"},"modified":"2020-05-23T19:52:51","modified_gmt":"2020-05-23T22:52:51","slug":"campeonato-de-futebol-espanhol-retoma-jogos-a-partir-de-8-de-junho","status":"publish","type":"post","link":"https:\/\/www.sudoestehoje.com.br\/novoportal\/2020\/05\/23\/campeonato-de-futebol-espanhol-retoma-jogos-a-partir-de-8-de-junho\/","title":{"rendered":"CAMPEONATO DE FUTEBOL ESPANHOL RETOMA JOGOS A PARTIR DE 8 DE JUNHO"},"content":{"rendered":"<p><a href=\"https:\/\/www.sudoestehoje.com.br\/novoportal\/wp-content\/uploads\/2020\/05\/MESSI.jpg\"><img loading=\"lazy\" decoding=\"async\" class=\"aligncenter size-medium wp-image-86974\" src=\"https:\/\/www.sudoestehoje.com.br\/novoportal\/wp-content\/uploads\/2020\/05\/MESSI-500x270.jpg\" alt=\"\" width=\"500\" height=\"270\" srcset=\"https:\/\/www.sudoestehoje.com.br\/novoportal\/wp-content\/uploads\/2020\/05\/MESSI-500x270.jpg 500w, https:\/\/www.sudoestehoje.com.br\/novoportal\/wp-content\/uploads\/2020\/05\/MESSI.jpg 640w\" sizes=\"auto, (max-width: 500px) 100vw, 500px\" \/><\/a><\/p>\n<p>O Campeonato Espanhol voltar\u00e1 a realizar partidas a partir de 8 de junho, conforme an\u00fancio do Twitter oficial da La Liga. A conta da organiza\u00e7\u00e3o agradeceu a &#8220;todos os envolvidos no \u00e2mbito esportivo&#8221; pelo esfor\u00e7o para retornar \u00e0 normalidade, e garantiu que vai seguir recomenda\u00e7\u00f5es do Minist\u00e9rio da Sa\u00fade espanhol para a realiza\u00e7\u00e3o de jogos.<br \/>\nO retorno da La Liga foi citado tamb\u00e9m pelo presidente da Espanha, Pedro S\u00e1nchez, em discurso sobre a retomadas das atividades no pa\u00eds. Ap\u00f3s medidas r\u00edgidas de isolamento social, o pa\u00eds europeu registrou queda acentuada no n\u00famero de casos e mortes pelo novo coronav\u00edrus.<\/p>\n<p>&#8220;A Espanha fez o que era preciso, e agora se abrem novos horizontes para todos. Chegou o momento de recuperar muitas das atividades cotidianas. A partir do dia 8 de junho, volta o Campeonato Espanhol&#8221;, disse o presidente.<br \/>\nAo todo, a Espanha registrou mais de 234 mil casos de covid-19, e mais de 28 mil mortes.<\/p>\n<p>A Espanha segue o exemplo de outros pa\u00edses da Europa e da \u00c1sia, que j\u00e1 retomaram ou v\u00e3o retomar seus campeonatos. Na Alemanha, por exemplo, os times voltaram a campo no fim de semana do dia 16 de maio. Em Portugal, os jogos voltar\u00e3o a acontecer a partir do dia 30 do mesmo m\u00eas.<\/p>\n<p>Na R\u00fassia a retomada ocorrer\u00e1 em 21 de junho. Enquanto isso, o campeonato ingl\u00eas recebeu &#8220;sinal verde&#8221; das autoridades do pa\u00eds para retornar em junho, mas ainda n\u00e3o marcou data.<\/p>\n","protected":false},"excerpt":{"rendered":"<p>O Campeonato Espanhol voltar\u00e1 a realizar partidas a partir de 8 de junho, conforme an\u00fancio do Twitter oficial da La Liga. A conta da organiza\u00e7\u00e3o agradeceu a &#8220;todos os envolvidos no \u00e2mbito esportivo&#8221; pelo esfor\u00e7o para retornar \u00e0 normalidade, e garantiu que vai seguir recomenda\u00e7\u00f5es do Minist\u00e9rio da Sa\u00fade espanhol para a realiza\u00e7\u00e3o de jogos. [&hellip;]<\/p>\n","protected":false},"author":2,"featured_media":86974,"comment_status":"open","ping_status":"open","sticky":false,"template":"","format":"standard","meta":{"footnotes":"","_links_to":"","_links_to_target":""},"categories":[1],"tags":[],"class_list":["post-86970","post","type-post","status-publish","format-standard","has-post-thumbnail","hentry","category-geral"],"views":991,"_links":{"self":[{"href":"https:\/\/www.sudoestehoje.com.br\/novoportal\/wp-json\/wp\/v2\/posts\/86970","targetHints":{"allow":["GET"]}}],"collection":[{"href":"https:\/\/www.sudoestehoje.com.br\/novoportal\/wp-json\/wp\/v2\/posts"}],"about":[{"href":"https:\/\/www.sudoestehoje.com.br\/novoportal\/wp-json\/wp\/v2\/types\/post"}],"author":[{"embeddable":true,"href":"https:\/\/www.sudoestehoje.com.br\/novoportal\/wp-json\/wp\/v2\/users\/2"}],"replies":[{"embeddable":true,"href":"https:\/\/www.sudoestehoje.com.br\/novoportal\/wp-json\/wp\/v2\/comments?post=86970"}],"version-history":[{"count":2,"href":"https:\/\/www.sudoestehoje.com.br\/novoportal\/wp-json\/wp\/v2\/posts\/86970\/revisions"}],"predecessor-version":[{"id":86975,"href":"https:\/\/www.sudoestehoje.com.br\/novoportal\/wp-json\/wp\/v2\/posts\/86970\/revisions\/86975"}],"wp:featuredmedia":[{"embeddable":true,"href":"https:\/\/www.sudoestehoje.com.br\/novoportal\/wp-json\/wp\/v2\/media\/86974"}],"wp:attachment":[{"href":"https:\/\/www.sudoestehoje.com.br\/novoportal\/wp-json\/wp\/v2\/media?parent=86970"}],"wp:term":[{"taxonomy":"category","embeddable":true,"href":"https:\/\/www.sudoestehoje.com.br\/novoportal\/wp-json\/wp\/v2\/categories?post=86970"},{"taxonomy":"post_tag","embeddable":true,"href":"https:\/\/www.sudoestehoje.com.br\/novoportal\/wp-json\/wp\/v2\/tags?post=86970"}],"curies":[{"name":"wp","href":"https:\/\/api.w.org\/{rel}","templated":true}]}}