
{"id":86961,"date":"2020-05-22T13:30:54","date_gmt":"2020-05-22T16:30:54","guid":{"rendered":"https:\/\/www.sudoestehoje.com.br\/novoportal\/?p=86961"},"modified":"2020-05-22T13:31:15","modified_gmt":"2020-05-22T16:31:15","slug":"prefeito-da-lapa-diz-que-pensou-em-atear-fogo-em-paciente-com-coronavirus","status":"publish","type":"post","link":"https:\/\/www.sudoestehoje.com.br\/novoportal\/2020\/05\/22\/prefeito-da-lapa-diz-que-pensou-em-atear-fogo-em-paciente-com-coronavirus\/","title":{"rendered":"PREFEITO DA LAPA DIZ QUE PENSOU EM &#8220;ATEAR FOGO&#8221; EM PACIENTE COM CORONAV\u00cdRUS"},"content":{"rendered":"<p><a href=\"https:\/\/www.sudoestehoje.com.br\/novoportal\/wp-content\/uploads\/2020\/05\/eures.jpg\"><img loading=\"lazy\" decoding=\"async\" class=\"aligncenter size-medium wp-image-86962\" src=\"https:\/\/www.sudoestehoje.com.br\/novoportal\/wp-content\/uploads\/2020\/05\/eures-500x235.jpg\" alt=\"\" width=\"500\" height=\"235\" srcset=\"https:\/\/www.sudoestehoje.com.br\/novoportal\/wp-content\/uploads\/2020\/05\/eures-500x235.jpg 500w, https:\/\/www.sudoestehoje.com.br\/novoportal\/wp-content\/uploads\/2020\/05\/eures-700x329.jpg 700w, https:\/\/www.sudoestehoje.com.br\/novoportal\/wp-content\/uploads\/2020\/05\/eures-768x361.jpg 768w, https:\/\/www.sudoestehoje.com.br\/novoportal\/wp-content\/uploads\/2020\/05\/eures-1536x722.jpg 1536w, https:\/\/www.sudoestehoje.com.br\/novoportal\/wp-content\/uploads\/2020\/05\/eures.jpg 1600w\" sizes=\"auto, (max-width: 500px) 100vw, 500px\" \/><\/a><\/p>\n<p>O prefeito do munic\u00edpio de Bom Jesus da Lapa, Eures Ribeiro Pereira, em entrevista \u00e0 R\u00e1dio Baiana FM, 92.5, da cidade, disse que pensou em &#8220;atear fogo&#8221; em um contaminado de coronav\u00edrus.<\/p>\n<p>&#8220;Quero contar com os comerciantes, as fam\u00edlias de Bom Jesus da Lapa a me ajudarem nesse momento [&#8230;]. N\u00e3o dormir a noite toda, passou tanta coisa na minha cabe\u00e7a. At\u00e9 vontade de ir na UPA com tanque de gasolina e atear fogo nesse cidad\u00e3o vivo, pela raiva e \u00f3dio. A pessoa contaminada querendo contaminar as pessoas&#8221;, relatou.<\/p>\n<p>Eures, que \u00e9 presidente da Uni\u00e3o dos Munic\u00edpios da Bahia (UPB), disse ainda que viu que a pessoa n\u00e3o estava bem psicologicamente e retirou da cidade. &#8220;Ponderei minha raiva e agi pela raz\u00e3o, tirando-o do munic\u00edpio. N\u00e3o foi barato, n\u00e3o sabe quanto foi caro para tirar e botar para fora de Bom Jesus da Lapa, e devolver a sua fam\u00edlia no Rio Grande do Norte&#8221;, completou. <em>\/\/Metro1<\/em><\/p>\n","protected":false},"excerpt":{"rendered":"<p>O prefeito do munic\u00edpio de Bom Jesus da Lapa, Eures Ribeiro Pereira, em entrevista \u00e0 R\u00e1dio Baiana FM, 92.5, da cidade, disse que pensou em &#8220;atear fogo&#8221; em um contaminado de coronav\u00edrus. &#8220;Quero contar com os comerciantes, as fam\u00edlias de Bom Jesus da Lapa a me ajudarem nesse momento [&#8230;]. N\u00e3o dormir a noite toda, [&hellip;]<\/p>\n","protected":false},"author":2,"featured_media":86962,"comment_status":"open","ping_status":"open","sticky":false,"template":"","format":"standard","meta":{"footnotes":"","_links_to":"","_links_to_target":""},"categories":[1],"tags":[],"class_list":["post-86961","post","type-post","status-publish","format-standard","has-post-thumbnail","hentry","category-geral"],"views":1855,"_links":{"self":[{"href":"https:\/\/www.sudoestehoje.com.br\/novoportal\/wp-json\/wp\/v2\/posts\/86961","targetHints":{"allow":["GET"]}}],"collection":[{"href":"https:\/\/www.sudoestehoje.com.br\/novoportal\/wp-json\/wp\/v2\/posts"}],"about":[{"href":"https:\/\/www.sudoestehoje.com.br\/novoportal\/wp-json\/wp\/v2\/types\/post"}],"author":[{"embeddable":true,"href":"https:\/\/www.sudoestehoje.com.br\/novoportal\/wp-json\/wp\/v2\/users\/2"}],"replies":[{"embeddable":true,"href":"https:\/\/www.sudoestehoje.com.br\/novoportal\/wp-json\/wp\/v2\/comments?post=86961"}],"version-history":[{"count":2,"href":"https:\/\/www.sudoestehoje.com.br\/novoportal\/wp-json\/wp\/v2\/posts\/86961\/revisions"}],"predecessor-version":[{"id":86964,"href":"https:\/\/www.sudoestehoje.com.br\/novoportal\/wp-json\/wp\/v2\/posts\/86961\/revisions\/86964"}],"wp:featuredmedia":[{"embeddable":true,"href":"https:\/\/www.sudoestehoje.com.br\/novoportal\/wp-json\/wp\/v2\/media\/86962"}],"wp:attachment":[{"href":"https:\/\/www.sudoestehoje.com.br\/novoportal\/wp-json\/wp\/v2\/media?parent=86961"}],"wp:term":[{"taxonomy":"category","embeddable":true,"href":"https:\/\/www.sudoestehoje.com.br\/novoportal\/wp-json\/wp\/v2\/categories?post=86961"},{"taxonomy":"post_tag","embeddable":true,"href":"https:\/\/www.sudoestehoje.com.br\/novoportal\/wp-json\/wp\/v2\/tags?post=86961"}],"curies":[{"name":"wp","href":"https:\/\/api.w.org\/{rel}","templated":true}]}}