
{"id":8696,"date":"2011-09-14T22:21:45","date_gmt":"2011-09-15T01:21:45","guid":{"rendered":"http:\/\/www.sudoestehoje.com.br\/novoportal\/?p=8696"},"modified":"2011-09-14T22:21:45","modified_gmt":"2011-09-15T01:21:45","slug":"ministro-do-turismo-dancou","status":"publish","type":"post","link":"https:\/\/www.sudoestehoje.com.br\/novoportal\/2011\/09\/14\/ministro-do-turismo-dancou\/","title":{"rendered":"MINISTRO DO TURISMO DAN\u00c7OU"},"content":{"rendered":"<p style=\"text-align: center;\"><img decoding=\"async\" class=\"aligncenter\" src=\"http:\/\/revistapiaui.estadao.com.br\/assets\/media\/images\/posts\/610\/PH1314130523x2082.jpg\" alt=\"\" width=\"400\" \/><\/p>\n<p>O l\u00edder do PMDB na C\u00e2mara, Henrique Eduardo Alves, afirmou que o ministro do Turismo, Pedro Novais, est\u00e1 reunido com a presidente Dilma Rousseff para entregar a sua carta de demiss\u00e3o a sua carta de demiss\u00e3o \u00e0 presidente Dilma Rousseff. O ministro est\u00e1 acompanhado do vice-presidente Michel Temer. Segundo o deputado, o substituto de Novais \u201ccom certeza ser\u00e1 um parlamentar do PMDB\u201d.<\/p>\n<p>A situa\u00e7\u00e3o de Novais ficou insustent\u00e1vel no Planalto e dentro de seu pr\u00f3prio partido depois de duas revela\u00e7\u00f5es da Folha: a de que ele pagou com dinheiro p\u00fablico o sal\u00e1rio de sua governanta por sete anos e a de que sua mulher usa irregularmente um funcion\u00e1rio da C\u00e2mara dos Deputados como motorista particular. Entre os nomes defendidos pela bancada, est\u00e3o o de Manoel Junior (PB) e Marcelo de Castro (PI). Segundo peemedebistas, o nome de Castro sofre resist\u00eancias no governo. (Folha)<\/p>\n","protected":false},"excerpt":{"rendered":"<p>O l\u00edder do PMDB na C\u00e2mara, Henrique Eduardo Alves, afirmou que o ministro do Turismo, Pedro Novais, est\u00e1 reunido com a presidente Dilma Rousseff para entregar a sua carta de demiss\u00e3o a sua carta de demiss\u00e3o \u00e0 presidente Dilma Rousseff. O ministro est\u00e1 acompanhado do vice-presidente Michel Temer. Segundo o deputado, o substituto de Novais [&hellip;]<\/p>\n","protected":false},"author":2,"featured_media":0,"comment_status":"open","ping_status":"open","sticky":false,"template":"","format":"standard","meta":{"footnotes":"","_links_to":"","_links_to_target":""},"categories":[1],"tags":[],"class_list":["post-8696","post","type-post","status-publish","format-standard","hentry","category-geral"],"views":1171,"_links":{"self":[{"href":"https:\/\/www.sudoestehoje.com.br\/novoportal\/wp-json\/wp\/v2\/posts\/8696","targetHints":{"allow":["GET"]}}],"collection":[{"href":"https:\/\/www.sudoestehoje.com.br\/novoportal\/wp-json\/wp\/v2\/posts"}],"about":[{"href":"https:\/\/www.sudoestehoje.com.br\/novoportal\/wp-json\/wp\/v2\/types\/post"}],"author":[{"embeddable":true,"href":"https:\/\/www.sudoestehoje.com.br\/novoportal\/wp-json\/wp\/v2\/users\/2"}],"replies":[{"embeddable":true,"href":"https:\/\/www.sudoestehoje.com.br\/novoportal\/wp-json\/wp\/v2\/comments?post=8696"}],"version-history":[{"count":2,"href":"https:\/\/www.sudoestehoje.com.br\/novoportal\/wp-json\/wp\/v2\/posts\/8696\/revisions"}],"predecessor-version":[{"id":8698,"href":"https:\/\/www.sudoestehoje.com.br\/novoportal\/wp-json\/wp\/v2\/posts\/8696\/revisions\/8698"}],"wp:attachment":[{"href":"https:\/\/www.sudoestehoje.com.br\/novoportal\/wp-json\/wp\/v2\/media?parent=8696"}],"wp:term":[{"taxonomy":"category","embeddable":true,"href":"https:\/\/www.sudoestehoje.com.br\/novoportal\/wp-json\/wp\/v2\/categories?post=8696"},{"taxonomy":"post_tag","embeddable":true,"href":"https:\/\/www.sudoestehoje.com.br\/novoportal\/wp-json\/wp\/v2\/tags?post=8696"}],"curies":[{"name":"wp","href":"https:\/\/api.w.org\/{rel}","templated":true}]}}