
{"id":86953,"date":"2020-05-22T12:57:05","date_gmt":"2020-05-22T15:57:05","guid":{"rendered":"https:\/\/www.sudoestehoje.com.br\/novoportal\/?p=86953"},"modified":"2020-05-22T13:16:25","modified_gmt":"2020-05-22T16:16:25","slug":"itapetinga-prefeito-rodrigo-hagge-defende-realizacao-das-eleicoes-em-outubro","status":"publish","type":"post","link":"https:\/\/www.sudoestehoje.com.br\/novoportal\/2020\/05\/22\/itapetinga-prefeito-rodrigo-hagge-defende-realizacao-das-eleicoes-em-outubro\/","title":{"rendered":"ITAPETINGA: PREFEITO RODRIGO ABRE M\u00c3O DO FUNDO ELEITORAL PARA COMBATE \u00c0 COVID-19"},"content":{"rendered":"<p><a href=\"https:\/\/www.sudoestehoje.com.br\/novoportal\/wp-content\/uploads\/2020\/05\/RODRIGO-ELEI\u00c7\u00d5ES.jpg\"><img loading=\"lazy\" decoding=\"async\" class=\"aligncenter size-medium wp-image-86956\" src=\"https:\/\/www.sudoestehoje.com.br\/novoportal\/wp-content\/uploads\/2020\/05\/RODRIGO-ELEI\u00c7\u00d5ES-500x281.jpg\" alt=\"\" width=\"500\" height=\"281\" srcset=\"https:\/\/www.sudoestehoje.com.br\/novoportal\/wp-content\/uploads\/2020\/05\/RODRIGO-ELEI\u00c7\u00d5ES-500x281.jpg 500w, https:\/\/www.sudoestehoje.com.br\/novoportal\/wp-content\/uploads\/2020\/05\/RODRIGO-ELEI\u00c7\u00d5ES-700x394.jpg 700w, https:\/\/www.sudoestehoje.com.br\/novoportal\/wp-content\/uploads\/2020\/05\/RODRIGO-ELEI\u00c7\u00d5ES-768x432.jpg 768w, https:\/\/www.sudoestehoje.com.br\/novoportal\/wp-content\/uploads\/2020\/05\/RODRIGO-ELEI\u00c7\u00d5ES.jpg 990w\" sizes=\"auto, (max-width: 500px) 100vw, 500px\" \/><\/a><\/p>\n<p>O prefeito de Itapetinga, Rodrigo Hagge (MDB), defendeu na quinta-feira (21) a realiza\u00e7\u00e3o das elei\u00e7\u00f5es para o m\u00eas de outubro.<\/p>\n<p>\u201cCaso defina por adiar para dezembro isso ser\u00e1 p\u00e9ssimo para os gestores fecharem as contas de final de ano e ter a transi\u00e7\u00e3o de governo\u201d, disse durante a live JM Pergunta, com o diretor do site \u201cPol\u00edticos do Sul da Bahia\u201d, Jo\u00e3o Matheus.<\/p>\n<p>FUNDO ELEITORAL PARA COMBATER CORONAV\u00cdRUS<\/p>\n<p>\u201cPodemos fazer uma elei\u00e7\u00e3o em outubro barata e sem grandes movimentos, o fundo eleitoral poder\u00e1 ser doado para o combate ao coronav\u00edrus\u201d, acrescentou.<\/p>\n<p>Questionado se abriria m\u00e3o do fundo partid\u00e1rio, Hagge foi direto: \u201cDesde que tenha a facilidade dessa presta\u00e7\u00e3o de contas de campanha, ou ent\u00e3o o TSE entendendo uma forma de doa\u00e7\u00e3o para prestar as contas da campanha, vamos abrir m\u00e3o do fundo eleitoral, mas s\u00f3 se for revertido no combate ao coronav\u00edrus\u201d.<\/p>\n","protected":false},"excerpt":{"rendered":"<p>O prefeito de Itapetinga, Rodrigo Hagge (MDB), defendeu na quinta-feira (21) a realiza\u00e7\u00e3o das elei\u00e7\u00f5es para o m\u00eas de outubro. \u201cCaso defina por adiar para dezembro isso ser\u00e1 p\u00e9ssimo para os gestores fecharem as contas de final de ano e ter a transi\u00e7\u00e3o de governo\u201d, disse durante a live JM Pergunta, com o diretor do [&hellip;]<\/p>\n","protected":false},"author":2,"featured_media":86956,"comment_status":"open","ping_status":"open","sticky":false,"template":"","format":"standard","meta":{"footnotes":"","_links_to":"","_links_to_target":""},"categories":[1],"tags":[],"class_list":["post-86953","post","type-post","status-publish","format-standard","has-post-thumbnail","hentry","category-geral"],"views":1159,"_links":{"self":[{"href":"https:\/\/www.sudoestehoje.com.br\/novoportal\/wp-json\/wp\/v2\/posts\/86953","targetHints":{"allow":["GET"]}}],"collection":[{"href":"https:\/\/www.sudoestehoje.com.br\/novoportal\/wp-json\/wp\/v2\/posts"}],"about":[{"href":"https:\/\/www.sudoestehoje.com.br\/novoportal\/wp-json\/wp\/v2\/types\/post"}],"author":[{"embeddable":true,"href":"https:\/\/www.sudoestehoje.com.br\/novoportal\/wp-json\/wp\/v2\/users\/2"}],"replies":[{"embeddable":true,"href":"https:\/\/www.sudoestehoje.com.br\/novoportal\/wp-json\/wp\/v2\/comments?post=86953"}],"version-history":[{"count":6,"href":"https:\/\/www.sudoestehoje.com.br\/novoportal\/wp-json\/wp\/v2\/posts\/86953\/revisions"}],"predecessor-version":[{"id":86960,"href":"https:\/\/www.sudoestehoje.com.br\/novoportal\/wp-json\/wp\/v2\/posts\/86953\/revisions\/86960"}],"wp:featuredmedia":[{"embeddable":true,"href":"https:\/\/www.sudoestehoje.com.br\/novoportal\/wp-json\/wp\/v2\/media\/86956"}],"wp:attachment":[{"href":"https:\/\/www.sudoestehoje.com.br\/novoportal\/wp-json\/wp\/v2\/media?parent=86953"}],"wp:term":[{"taxonomy":"category","embeddable":true,"href":"https:\/\/www.sudoestehoje.com.br\/novoportal\/wp-json\/wp\/v2\/categories?post=86953"},{"taxonomy":"post_tag","embeddable":true,"href":"https:\/\/www.sudoestehoje.com.br\/novoportal\/wp-json\/wp\/v2\/tags?post=86953"}],"curies":[{"name":"wp","href":"https:\/\/api.w.org\/{rel}","templated":true}]}}