
{"id":86948,"date":"2020-05-22T03:22:40","date_gmt":"2020-05-22T06:22:40","guid":{"rendered":"https:\/\/www.sudoestehoje.com.br\/novoportal\/?p=86948"},"modified":"2020-05-22T03:23:22","modified_gmt":"2020-05-22T06:23:22","slug":"detran-ba-modifica-regras-para-quem-quer-tirar-a-primeira-habilitacao","status":"publish","type":"post","link":"https:\/\/www.sudoestehoje.com.br\/novoportal\/2020\/05\/22\/detran-ba-modifica-regras-para-quem-quer-tirar-a-primeira-habilitacao\/","title":{"rendered":"DETRAN-BA MODIFICA REGRAS PARA QUEM QUER TIRAR A PRIMEIRA HABILITA\u00c7\u00c3O"},"content":{"rendered":"<p><a href=\"https:\/\/www.sudoestehoje.com.br\/novoportal\/wp-content\/uploads\/2020\/05\/AUTO-ESCOLA.jpg\"><img loading=\"lazy\" decoding=\"async\" class=\"aligncenter size-medium wp-image-86949\" src=\"https:\/\/www.sudoestehoje.com.br\/novoportal\/wp-content\/uploads\/2020\/05\/AUTO-ESCOLA-500x311.jpg\" alt=\"\" width=\"500\" height=\"311\" srcset=\"https:\/\/www.sudoestehoje.com.br\/novoportal\/wp-content\/uploads\/2020\/05\/AUTO-ESCOLA-500x311.jpg 500w, https:\/\/www.sudoestehoje.com.br\/novoportal\/wp-content\/uploads\/2020\/05\/AUTO-ESCOLA-700x436.jpg 700w, https:\/\/www.sudoestehoje.com.br\/novoportal\/wp-content\/uploads\/2020\/05\/AUTO-ESCOLA-768x478.jpg 768w, https:\/\/www.sudoestehoje.com.br\/novoportal\/wp-content\/uploads\/2020\/05\/AUTO-ESCOLA.jpg 940w\" sizes=\"auto, (max-width: 500px) 100vw, 500px\" \/><\/a><\/p>\n<p class=\"bodytext\">O processo para quem quer tirar a primeira carteira de habilita\u00e7\u00e3o sofreu altera\u00e7\u00f5es. Agora, diante do cen\u00e1rio atual do pa\u00eds, provocado pela pandemia do novo coronav\u00edrus, as aulas te\u00f3ricas poder\u00e3o ser feitas de forma virtual.<\/p>\n<p class=\"bodytext\">Em portaria publicada nesta quinta-feira (21), o Departamento Estadual de Tr\u00e2nsito (Detran-BA) regulamentou\u00a0o sistema remoto para as aulas te\u00f3ricas em Centros de Forma\u00e7\u00e3o de Condutores (CFCs) credenciados ao \u00f3rg\u00e3o. A medida permanecer\u00e1 em vigor &#8220;enquanto durar a crise sanit\u00e1ria&#8221;.<\/p>\n<p class=\"bodytext\">A medida anunciada pelo Detran-BA cumpre a delibera\u00e7\u00e3o 189, do Conselho Nacional de Tr\u00e2nsito (Contran), que trata das altera\u00e7\u00f5es no modelo de ensino dos CFCs. Fica a crit\u00e9rio dos alunos aguardar o retorno das aulas te\u00f3ricas presenciais ou dar continuidade ao curso exclusivamente com aulas remotas.<\/p>\n<p class=\"bodytext\">Quem tiver interesse nas aulas virtuais deve\u00a0agendar na autoescola a coleta dos dados biom\u00e9tricos, sempre seguindo todas as recomenda\u00e7\u00f5es de preven\u00e7\u00e3o \u00e0 covid-19, como o uso de m\u00e1scaras e a obedi\u00eancia do distanciamento social.<\/p>\n","protected":false},"excerpt":{"rendered":"<p>O processo para quem quer tirar a primeira carteira de habilita\u00e7\u00e3o sofreu altera\u00e7\u00f5es. Agora, diante do cen\u00e1rio atual do pa\u00eds, provocado pela pandemia do novo coronav\u00edrus, as aulas te\u00f3ricas poder\u00e3o ser feitas de forma virtual. Em portaria publicada nesta quinta-feira (21), o Departamento Estadual de Tr\u00e2nsito (Detran-BA) regulamentou\u00a0o sistema remoto para as aulas te\u00f3ricas em [&hellip;]<\/p>\n","protected":false},"author":2,"featured_media":86949,"comment_status":"open","ping_status":"open","sticky":false,"template":"","format":"standard","meta":{"footnotes":"","_links_to":"","_links_to_target":""},"categories":[1],"tags":[],"class_list":["post-86948","post","type-post","status-publish","format-standard","has-post-thumbnail","hentry","category-geral"],"views":1972,"_links":{"self":[{"href":"https:\/\/www.sudoestehoje.com.br\/novoportal\/wp-json\/wp\/v2\/posts\/86948","targetHints":{"allow":["GET"]}}],"collection":[{"href":"https:\/\/www.sudoestehoje.com.br\/novoportal\/wp-json\/wp\/v2\/posts"}],"about":[{"href":"https:\/\/www.sudoestehoje.com.br\/novoportal\/wp-json\/wp\/v2\/types\/post"}],"author":[{"embeddable":true,"href":"https:\/\/www.sudoestehoje.com.br\/novoportal\/wp-json\/wp\/v2\/users\/2"}],"replies":[{"embeddable":true,"href":"https:\/\/www.sudoestehoje.com.br\/novoportal\/wp-json\/wp\/v2\/comments?post=86948"}],"version-history":[{"count":3,"href":"https:\/\/www.sudoestehoje.com.br\/novoportal\/wp-json\/wp\/v2\/posts\/86948\/revisions"}],"predecessor-version":[{"id":86952,"href":"https:\/\/www.sudoestehoje.com.br\/novoportal\/wp-json\/wp\/v2\/posts\/86948\/revisions\/86952"}],"wp:featuredmedia":[{"embeddable":true,"href":"https:\/\/www.sudoestehoje.com.br\/novoportal\/wp-json\/wp\/v2\/media\/86949"}],"wp:attachment":[{"href":"https:\/\/www.sudoestehoje.com.br\/novoportal\/wp-json\/wp\/v2\/media?parent=86948"}],"wp:term":[{"taxonomy":"category","embeddable":true,"href":"https:\/\/www.sudoestehoje.com.br\/novoportal\/wp-json\/wp\/v2\/categories?post=86948"},{"taxonomy":"post_tag","embeddable":true,"href":"https:\/\/www.sudoestehoje.com.br\/novoportal\/wp-json\/wp\/v2\/tags?post=86948"}],"curies":[{"name":"wp","href":"https:\/\/api.w.org\/{rel}","templated":true}]}}