
{"id":86937,"date":"2020-05-21T21:05:21","date_gmt":"2020-05-22T00:05:21","guid":{"rendered":"https:\/\/www.sudoestehoje.com.br\/novoportal\/?p=86937"},"modified":"2020-05-21T22:55:20","modified_gmt":"2020-05-22T01:55:20","slug":"itapetinga-registra-11o-caso-da-covid-19","status":"publish","type":"post","link":"https:\/\/www.sudoestehoje.com.br\/novoportal\/2020\/05\/21\/itapetinga-registra-11o-caso-da-covid-19\/","title":{"rendered":"ITAPETINGA REGISTRA 11\u00ba CASO DA COVID-19"},"content":{"rendered":"<p><a href=\"https:\/\/www.sudoestehoje.com.br\/novoportal\/wp-content\/uploads\/2020\/05\/covid-10-casos.jpg\"><img loading=\"lazy\" decoding=\"async\" class=\"aligncenter size-medium wp-image-86861\" src=\"https:\/\/www.sudoestehoje.com.br\/novoportal\/wp-content\/uploads\/2020\/05\/covid-10-casos-500x223.jpg\" alt=\"\" width=\"500\" height=\"223\" srcset=\"https:\/\/www.sudoestehoje.com.br\/novoportal\/wp-content\/uploads\/2020\/05\/covid-10-casos-500x223.jpg 500w, https:\/\/www.sudoestehoje.com.br\/novoportal\/wp-content\/uploads\/2020\/05\/covid-10-casos-700x312.jpg 700w, https:\/\/www.sudoestehoje.com.br\/novoportal\/wp-content\/uploads\/2020\/05\/covid-10-casos-768x342.jpg 768w, https:\/\/www.sudoestehoje.com.br\/novoportal\/wp-content\/uploads\/2020\/05\/covid-10-casos.jpg 990w\" sizes=\"auto, (max-width: 500px) 100vw, 500px\" \/><\/a><\/p>\n<p>Nesta quinta-feira (21) a Secretaria de Sa\u00fade de Itapetinga foi informada a respeito de um paciente que teria testado positivo para Coronav\u00edrus, atrav\u00e9s de exame realizado em um laborat\u00f3rio da rede particular.<\/p>\n<p>Trata-se de um homem de 48 anos de idade, que retornou recentemente de Salvador, onde teria sido contaminado pelo novo coronav\u00edrus.<\/p>\n<p>De acordo com o secret\u00e1rio Hugo Sousa, o material foi colhido para encaminhamento \u00e0 Sesab.<\/p>\n<p>Com o novo caso, o munic\u00edpio de Itapetinga passa a computar 11 casos na Covid-19, tr\u00eas deles testados pela Sesab e oito (8) pela Secretaria Municipal de Sa\u00fade.<\/p>\n","protected":false},"excerpt":{"rendered":"<p>Nesta quinta-feira (21) a Secretaria de Sa\u00fade de Itapetinga foi informada a respeito de um paciente que teria testado positivo para Coronav\u00edrus, atrav\u00e9s de exame realizado em um laborat\u00f3rio da rede particular. Trata-se de um homem de 48 anos de idade, que retornou recentemente de Salvador, onde teria sido contaminado pelo novo coronav\u00edrus. De acordo [&hellip;]<\/p>\n","protected":false},"author":2,"featured_media":86861,"comment_status":"open","ping_status":"open","sticky":false,"template":"","format":"standard","meta":{"footnotes":"","_links_to":"","_links_to_target":""},"categories":[1],"tags":[],"class_list":["post-86937","post","type-post","status-publish","format-standard","has-post-thumbnail","hentry","category-geral"],"views":1654,"_links":{"self":[{"href":"https:\/\/www.sudoestehoje.com.br\/novoportal\/wp-json\/wp\/v2\/posts\/86937","targetHints":{"allow":["GET"]}}],"collection":[{"href":"https:\/\/www.sudoestehoje.com.br\/novoportal\/wp-json\/wp\/v2\/posts"}],"about":[{"href":"https:\/\/www.sudoestehoje.com.br\/novoportal\/wp-json\/wp\/v2\/types\/post"}],"author":[{"embeddable":true,"href":"https:\/\/www.sudoestehoje.com.br\/novoportal\/wp-json\/wp\/v2\/users\/2"}],"replies":[{"embeddable":true,"href":"https:\/\/www.sudoestehoje.com.br\/novoportal\/wp-json\/wp\/v2\/comments?post=86937"}],"version-history":[{"count":2,"href":"https:\/\/www.sudoestehoje.com.br\/novoportal\/wp-json\/wp\/v2\/posts\/86937\/revisions"}],"predecessor-version":[{"id":86943,"href":"https:\/\/www.sudoestehoje.com.br\/novoportal\/wp-json\/wp\/v2\/posts\/86937\/revisions\/86943"}],"wp:featuredmedia":[{"embeddable":true,"href":"https:\/\/www.sudoestehoje.com.br\/novoportal\/wp-json\/wp\/v2\/media\/86861"}],"wp:attachment":[{"href":"https:\/\/www.sudoestehoje.com.br\/novoportal\/wp-json\/wp\/v2\/media?parent=86937"}],"wp:term":[{"taxonomy":"category","embeddable":true,"href":"https:\/\/www.sudoestehoje.com.br\/novoportal\/wp-json\/wp\/v2\/categories?post=86937"},{"taxonomy":"post_tag","embeddable":true,"href":"https:\/\/www.sudoestehoje.com.br\/novoportal\/wp-json\/wp\/v2\/tags?post=86937"}],"curies":[{"name":"wp","href":"https:\/\/api.w.org\/{rel}","templated":true}]}}