
{"id":86919,"date":"2020-05-21T18:36:40","date_gmt":"2020-05-21T21:36:40","guid":{"rendered":"https:\/\/www.sudoestehoje.com.br\/novoportal\/?p=86919"},"modified":"2020-05-21T19:33:42","modified_gmt":"2020-05-21T22:33:42","slug":"itapetinga-camara-de-vereadores-realiza-audiencia-publica-virtual-nesta-sexta","status":"publish","type":"post","link":"https:\/\/www.sudoestehoje.com.br\/novoportal\/2020\/05\/21\/itapetinga-camara-de-vereadores-realiza-audiencia-publica-virtual-nesta-sexta\/","title":{"rendered":"ITAPETINGA: C\u00c2MARA DE VEREADORES REALIZA AUDI\u00caNCIA P\u00daBLICA VIRTUAL NESTA SEXTA"},"content":{"rendered":"<p><a href=\"https:\/\/www.sudoestehoje.com.br\/novoportal\/wp-content\/uploads\/2020\/05\/CAMARA-1.jpg\"><img loading=\"lazy\" decoding=\"async\" class=\"aligncenter size-full wp-image-86923\" src=\"https:\/\/www.sudoestehoje.com.br\/novoportal\/wp-content\/uploads\/2020\/05\/CAMARA-1.jpg\" alt=\"\" width=\"448\" height=\"264\" \/><\/a><\/p>\n<p>Nesta sexta-feira (22 de maio), \u00e0s 10 horas, a C\u00e2mara Municipal de Itapetinga vai realizar mais uma audi\u00eancia p\u00fablica virtual. Desta vez, a iniciativa \u00e9 do vereador Anderson da Nova (DEM).<\/p>\n<p>Com o tema &#8220;Efeitos Econ\u00f4micos da Covid-19 e a Manuten\u00e7\u00e3o do Emprego e da Renda em Itapetinga&#8221;, a audi\u00eancia contar\u00e1 com a participa\u00e7\u00e3o de autoridades municipais e estaduais, al\u00e9m de representantes de diversas entidades.<\/p>\n<p>A popula\u00e7\u00e3o poder\u00e1 enviar perguntas e sugest\u00f5es com anteced\u00eancia para o e-mail camara_itapetinga@hotmail.com ou participar do chat durante a transmiss\u00e3o ao vivo pelo canal oficial da C\u00e2mara no YouTube.<\/p>\n<p>Para acessar o canal TV C\u00e2mara Itapetinga no YouTube, clique no link abaixo:<\/p>\n<p>&#x25b6;&#xfe0f; <a href=\"https:\/\/www.youtube.com\/TVC\u00e2maraItapetinga\">https:\/\/www.youtube.com\/TVC\u00e2maraItapetinga<\/a><\/p>\n<p>Fa\u00e7a a sua inscri\u00e7\u00e3o no canal e ative o &#x1f514; para receber noifica\u00e7\u00f5es de v\u00eddeos novos.<\/p>\n<p>Saiba mais:<a href=\"http:\/\/site c\u00e2mara\"> www.itapetinga.ba.leg.br<\/a><\/p>\n","protected":false},"excerpt":{"rendered":"<p>Nesta sexta-feira (22 de maio), \u00e0s 10 horas, a C\u00e2mara Municipal de Itapetinga vai realizar mais uma audi\u00eancia p\u00fablica virtual. Desta vez, a iniciativa \u00e9 do vereador Anderson da Nova (DEM). Com o tema &#8220;Efeitos Econ\u00f4micos da Covid-19 e a Manuten\u00e7\u00e3o do Emprego e da Renda em Itapetinga&#8221;, a audi\u00eancia contar\u00e1 com a participa\u00e7\u00e3o de [&hellip;]<\/p>\n","protected":false},"author":2,"featured_media":86923,"comment_status":"open","ping_status":"open","sticky":false,"template":"","format":"standard","meta":{"footnotes":"","_links_to":"","_links_to_target":""},"categories":[1],"tags":[],"class_list":["post-86919","post","type-post","status-publish","format-standard","has-post-thumbnail","hentry","category-geral"],"views":848,"_links":{"self":[{"href":"https:\/\/www.sudoestehoje.com.br\/novoportal\/wp-json\/wp\/v2\/posts\/86919","targetHints":{"allow":["GET"]}}],"collection":[{"href":"https:\/\/www.sudoestehoje.com.br\/novoportal\/wp-json\/wp\/v2\/posts"}],"about":[{"href":"https:\/\/www.sudoestehoje.com.br\/novoportal\/wp-json\/wp\/v2\/types\/post"}],"author":[{"embeddable":true,"href":"https:\/\/www.sudoestehoje.com.br\/novoportal\/wp-json\/wp\/v2\/users\/2"}],"replies":[{"embeddable":true,"href":"https:\/\/www.sudoestehoje.com.br\/novoportal\/wp-json\/wp\/v2\/comments?post=86919"}],"version-history":[{"count":5,"href":"https:\/\/www.sudoestehoje.com.br\/novoportal\/wp-json\/wp\/v2\/posts\/86919\/revisions"}],"predecessor-version":[{"id":86928,"href":"https:\/\/www.sudoestehoje.com.br\/novoportal\/wp-json\/wp\/v2\/posts\/86919\/revisions\/86928"}],"wp:featuredmedia":[{"embeddable":true,"href":"https:\/\/www.sudoestehoje.com.br\/novoportal\/wp-json\/wp\/v2\/media\/86923"}],"wp:attachment":[{"href":"https:\/\/www.sudoestehoje.com.br\/novoportal\/wp-json\/wp\/v2\/media?parent=86919"}],"wp:term":[{"taxonomy":"category","embeddable":true,"href":"https:\/\/www.sudoestehoje.com.br\/novoportal\/wp-json\/wp\/v2\/categories?post=86919"},{"taxonomy":"post_tag","embeddable":true,"href":"https:\/\/www.sudoestehoje.com.br\/novoportal\/wp-json\/wp\/v2\/tags?post=86919"}],"curies":[{"name":"wp","href":"https:\/\/api.w.org\/{rel}","templated":true}]}}