
{"id":86913,"date":"2020-05-20T13:31:41","date_gmt":"2020-05-20T16:31:41","guid":{"rendered":"https:\/\/www.sudoestehoje.com.br\/novoportal\/?p=86913"},"modified":"2020-05-20T13:31:41","modified_gmt":"2020-05-20T16:31:41","slug":"uso-da-cloroquina-e-liberado-pelo-ms","status":"publish","type":"post","link":"https:\/\/www.sudoestehoje.com.br\/novoportal\/2020\/05\/20\/uso-da-cloroquina-e-liberado-pelo-ms\/","title":{"rendered":"USO DA CLOROQUINA \u00c9 LIBERADO PELO MS"},"content":{"rendered":"<p><a href=\"https:\/\/www.sudoestehoje.com.br\/novoportal\/wp-content\/uploads\/2020\/05\/CLOROQUINA.jpg\"><img loading=\"lazy\" decoding=\"async\" class=\"aligncenter size-medium wp-image-86917\" src=\"https:\/\/www.sudoestehoje.com.br\/novoportal\/wp-content\/uploads\/2020\/05\/CLOROQUINA-500x300.jpg\" alt=\"\" width=\"500\" height=\"300\" srcset=\"https:\/\/www.sudoestehoje.com.br\/novoportal\/wp-content\/uploads\/2020\/05\/CLOROQUINA-500x300.jpg 500w, https:\/\/www.sudoestehoje.com.br\/novoportal\/wp-content\/uploads\/2020\/05\/CLOROQUINA.jpg 512w\" sizes=\"auto, (max-width: 500px) 100vw, 500px\" \/><\/a><\/p>\n<p>Cinco dias ap\u00f3s o m\u00e9dico Nelson Teich deixar o Minist\u00e9rio da Sa\u00fade, a pasta mudou o protocolo de recomenda\u00e7\u00e3o do uso da cloroquina e hidroxicloroquina. Ap\u00f3s determina\u00e7\u00e3o do presidente Jair Bolsonaro (sem partido), o governo federal passa a indicar esses medicamentos tamb\u00e9m para pacientes com sinais e sintomas leves do novo coronav\u00edrus.<\/p>\n<p dir=\"ltr\">O protocolo anterior, definido ainda no mandato do primeiro ex-ministro da Sa\u00fade do governo, o m\u00e9dico Luiz Henrique Mandetta, recomendava o uso apenas por pacientes graves e cr\u00edticos, com monitoramento em hospitais.<\/p>\n<p dir=\"ltr\">Essa mudan\u00e7a foi um dos principais fatores para as demiss\u00f5es de Mandetta e Teich, que se recusaram a alterar o protocolo em sentido contr\u00e1rio ao que pregam os estudos cient\u00edficos. N\u00e3o h\u00e1 pesquisas que comprovem a efic\u00e1cia da cloroquina no tratamento para Covid-19.<\/p>\n","protected":false},"excerpt":{"rendered":"<p>Cinco dias ap\u00f3s o m\u00e9dico Nelson Teich deixar o Minist\u00e9rio da Sa\u00fade, a pasta mudou o protocolo de recomenda\u00e7\u00e3o do uso da cloroquina e hidroxicloroquina. Ap\u00f3s determina\u00e7\u00e3o do presidente Jair Bolsonaro (sem partido), o governo federal passa a indicar esses medicamentos tamb\u00e9m para pacientes com sinais e sintomas leves do novo coronav\u00edrus. O protocolo anterior, [&hellip;]<\/p>\n","protected":false},"author":2,"featured_media":86917,"comment_status":"open","ping_status":"open","sticky":false,"template":"","format":"standard","meta":{"footnotes":"","_links_to":"","_links_to_target":""},"categories":[1],"tags":[],"class_list":["post-86913","post","type-post","status-publish","format-standard","has-post-thumbnail","hentry","category-geral"],"views":1236,"_links":{"self":[{"href":"https:\/\/www.sudoestehoje.com.br\/novoportal\/wp-json\/wp\/v2\/posts\/86913","targetHints":{"allow":["GET"]}}],"collection":[{"href":"https:\/\/www.sudoestehoje.com.br\/novoportal\/wp-json\/wp\/v2\/posts"}],"about":[{"href":"https:\/\/www.sudoestehoje.com.br\/novoportal\/wp-json\/wp\/v2\/types\/post"}],"author":[{"embeddable":true,"href":"https:\/\/www.sudoestehoje.com.br\/novoportal\/wp-json\/wp\/v2\/users\/2"}],"replies":[{"embeddable":true,"href":"https:\/\/www.sudoestehoje.com.br\/novoportal\/wp-json\/wp\/v2\/comments?post=86913"}],"version-history":[{"count":4,"href":"https:\/\/www.sudoestehoje.com.br\/novoportal\/wp-json\/wp\/v2\/posts\/86913\/revisions"}],"predecessor-version":[{"id":86918,"href":"https:\/\/www.sudoestehoje.com.br\/novoportal\/wp-json\/wp\/v2\/posts\/86913\/revisions\/86918"}],"wp:featuredmedia":[{"embeddable":true,"href":"https:\/\/www.sudoestehoje.com.br\/novoportal\/wp-json\/wp\/v2\/media\/86917"}],"wp:attachment":[{"href":"https:\/\/www.sudoestehoje.com.br\/novoportal\/wp-json\/wp\/v2\/media?parent=86913"}],"wp:term":[{"taxonomy":"category","embeddable":true,"href":"https:\/\/www.sudoestehoje.com.br\/novoportal\/wp-json\/wp\/v2\/categories?post=86913"},{"taxonomy":"post_tag","embeddable":true,"href":"https:\/\/www.sudoestehoje.com.br\/novoportal\/wp-json\/wp\/v2\/tags?post=86913"}],"curies":[{"name":"wp","href":"https:\/\/api.w.org\/{rel}","templated":true}]}}