
{"id":86909,"date":"2020-05-20T12:02:11","date_gmt":"2020-05-20T15:02:11","guid":{"rendered":"https:\/\/www.sudoestehoje.com.br\/novoportal\/?p=86909"},"modified":"2020-05-20T12:02:11","modified_gmt":"2020-05-20T15:02:11","slug":"lula-comemora-impacto-do-coronavirus-na-politica-liberal-de-guedes-veja-video","status":"publish","type":"post","link":"https:\/\/www.sudoestehoje.com.br\/novoportal\/2020\/05\/20\/lula-comemora-impacto-do-coronavirus-na-politica-liberal-de-guedes-veja-video\/","title":{"rendered":"LULA COMEMORA IMPACTO DO CORONAV\u00cdRUS NA POL\u00cdTICA LIBERAL DE GUEDES; VEJA V\u00cdDEO"},"content":{"rendered":"<p><a href=\"https:\/\/www.sudoestehoje.com.br\/novoportal\/wp-content\/uploads\/2020\/05\/lula-recife-2019.jpg\"><img loading=\"lazy\" decoding=\"async\" class=\"aligncenter size-medium wp-image-86910\" src=\"https:\/\/www.sudoestehoje.com.br\/novoportal\/wp-content\/uploads\/2020\/05\/lula-recife-2019-500x333.jpg\" alt=\"\" width=\"500\" height=\"333\" srcset=\"https:\/\/www.sudoestehoje.com.br\/novoportal\/wp-content\/uploads\/2020\/05\/lula-recife-2019-500x333.jpg 500w, https:\/\/www.sudoestehoje.com.br\/novoportal\/wp-content\/uploads\/2020\/05\/lula-recife-2019.jpg 680w\" sizes=\"auto, (max-width: 500px) 100vw, 500px\" \/><\/a><\/p>\n<p>Em live realizada na tarde desta ter\u00e7a, o ex-presidente Lula deu sinais de que \u00e9 poss\u00edvel enxergar pontos positivos na trag\u00e9dia provocada pelo coronav\u00edrus, que evolui para chegar a 20.000 mortes no pa\u00eds nesta semana.<\/p>\n<p>Na l\u00f3gica pol\u00edtica do petista, o estrago produzido pelo coronav\u00edrus na agenda liberal do governo de Jair Bolsonaro \u00e9 algo a ser comemorado. \u201cAinda bem que a natureza criou esse monstro chamado coronav\u00edrus para que as pessoas percebam que apenas o Estado \u00e9 capaz de dar a solu\u00e7\u00e3o, somente o Estado pode resolver isso\u201d, disse Lula.<\/p>\n<p>O petista produziu a p\u00e9rola ao criticar a postura de Bolsonaro que tenta a todo custo reabrir as cidades para evitar preju\u00edzos econ\u00f4micos enquanto pessoas morrem e o SUS se aproxima do colapso. Na avalia\u00e7\u00e3o do petista, Bolsonaro deveria parar de choramingar contra governadores e colocar o motor do Estado para sustentar a atividade econ\u00f4mica na pandemia.<\/p>\n<p>\u201cImagina quando Roosevelt teve que agir na guerra. Voc\u00ea acha que ele estava preocupado com or\u00e7amento? N\u00e3o! Ele tinha que fazer armas para vencer a guerra. Na guerra contra o coronav\u00edrus, eles n\u00e3o cumprem sequer a promessa de dar 600 reais para as pessoas ficarem em casa e se protegerem\u201d, afirmou.<\/p>\n<p>A l\u00f3gica petista de que o estado deve ser o indutor da economia fecha os olhos ao passado. N\u00e3o fossem os esc\u00e2ndalos de corrup\u00e7\u00e3o e os descalabros na pol\u00edtica econ\u00f4mica da era PT, talvez agora o caixa estatal n\u00e3o tivesse t\u00e3o quebrado, e talvez agora o pa\u00eds n\u00e3o tivesse Bolsonaro no Planalto.<\/p>\n<p><iframe loading=\"lazy\" title=\"Lula comenta impacto da Covid-19 em agenda liberal: &#039;Ainda bem que a natureza criou&#039;\" width=\"500\" height=\"281\" src=\"https:\/\/www.youtube.com\/embed\/1IjmGABt6Ak?start=8&#038;feature=oembed\" frameborder=\"0\" allow=\"accelerometer; autoplay; clipboard-write; encrypted-media; gyroscope; picture-in-picture; web-share\" referrerpolicy=\"strict-origin-when-cross-origin\" allowfullscreen><\/iframe><\/p>\n","protected":false},"excerpt":{"rendered":"<p>Em live realizada na tarde desta ter\u00e7a, o ex-presidente Lula deu sinais de que \u00e9 poss\u00edvel enxergar pontos positivos na trag\u00e9dia provocada pelo coronav\u00edrus, que evolui para chegar a 20.000 mortes no pa\u00eds nesta semana. Na l\u00f3gica pol\u00edtica do petista, o estrago produzido pelo coronav\u00edrus na agenda liberal do governo de Jair Bolsonaro \u00e9 algo [&hellip;]<\/p>\n","protected":false},"author":2,"featured_media":86910,"comment_status":"open","ping_status":"open","sticky":false,"template":"","format":"standard","meta":{"footnotes":"","_links_to":"","_links_to_target":""},"categories":[1],"tags":[],"class_list":["post-86909","post","type-post","status-publish","format-standard","has-post-thumbnail","hentry","category-geral"],"views":1320,"_links":{"self":[{"href":"https:\/\/www.sudoestehoje.com.br\/novoportal\/wp-json\/wp\/v2\/posts\/86909","targetHints":{"allow":["GET"]}}],"collection":[{"href":"https:\/\/www.sudoestehoje.com.br\/novoportal\/wp-json\/wp\/v2\/posts"}],"about":[{"href":"https:\/\/www.sudoestehoje.com.br\/novoportal\/wp-json\/wp\/v2\/types\/post"}],"author":[{"embeddable":true,"href":"https:\/\/www.sudoestehoje.com.br\/novoportal\/wp-json\/wp\/v2\/users\/2"}],"replies":[{"embeddable":true,"href":"https:\/\/www.sudoestehoje.com.br\/novoportal\/wp-json\/wp\/v2\/comments?post=86909"}],"version-history":[{"count":2,"href":"https:\/\/www.sudoestehoje.com.br\/novoportal\/wp-json\/wp\/v2\/posts\/86909\/revisions"}],"predecessor-version":[{"id":86912,"href":"https:\/\/www.sudoestehoje.com.br\/novoportal\/wp-json\/wp\/v2\/posts\/86909\/revisions\/86912"}],"wp:featuredmedia":[{"embeddable":true,"href":"https:\/\/www.sudoestehoje.com.br\/novoportal\/wp-json\/wp\/v2\/media\/86910"}],"wp:attachment":[{"href":"https:\/\/www.sudoestehoje.com.br\/novoportal\/wp-json\/wp\/v2\/media?parent=86909"}],"wp:term":[{"taxonomy":"category","embeddable":true,"href":"https:\/\/www.sudoestehoje.com.br\/novoportal\/wp-json\/wp\/v2\/categories?post=86909"},{"taxonomy":"post_tag","embeddable":true,"href":"https:\/\/www.sudoestehoje.com.br\/novoportal\/wp-json\/wp\/v2\/tags?post=86909"}],"curies":[{"name":"wp","href":"https:\/\/api.w.org\/{rel}","templated":true}]}}