
{"id":86903,"date":"2020-05-19T21:06:25","date_gmt":"2020-05-20T00:06:25","guid":{"rendered":"https:\/\/www.sudoestehoje.com.br\/novoportal\/?p=86903"},"modified":"2020-05-19T21:06:25","modified_gmt":"2020-05-20T00:06:25","slug":"secretario-de-seguranca-publica-da-bahia-testa-positivo-para-a-covid-19","status":"publish","type":"post","link":"https:\/\/www.sudoestehoje.com.br\/novoportal\/2020\/05\/19\/secretario-de-seguranca-publica-da-bahia-testa-positivo-para-a-covid-19\/","title":{"rendered":"SECRET\u00c1RIO DE SEGURAN\u00c7A P\u00daBLICA DA BAHIA TESTA POSITIVO PARA A COVID-19"},"content":{"rendered":"<p><a href=\"https:\/\/www.sudoestehoje.com.br\/novoportal\/wp-content\/uploads\/2020\/05\/SSP-COVID.jpg\"><img loading=\"lazy\" decoding=\"async\" class=\"aligncenter size-medium wp-image-86904\" src=\"https:\/\/www.sudoestehoje.com.br\/novoportal\/wp-content\/uploads\/2020\/05\/SSP-COVID-500x281.jpg\" alt=\"\" width=\"500\" height=\"281\" srcset=\"https:\/\/www.sudoestehoje.com.br\/novoportal\/wp-content\/uploads\/2020\/05\/SSP-COVID-500x281.jpg 500w, https:\/\/www.sudoestehoje.com.br\/novoportal\/wp-content\/uploads\/2020\/05\/SSP-COVID-700x393.jpg 700w, https:\/\/www.sudoestehoje.com.br\/novoportal\/wp-content\/uploads\/2020\/05\/SSP-COVID-768x431.jpg 768w, https:\/\/www.sudoestehoje.com.br\/novoportal\/wp-content\/uploads\/2020\/05\/SSP-COVID.jpg 890w\" sizes=\"auto, (max-width: 500px) 100vw, 500px\" \/><\/a><\/p>\n<p>O secret\u00e1rio de Seguran\u00e7a P\u00fablica da Bahia, Maur\u00edcio Barbosa, est\u00e1 contaminado pelo novo coronav\u00edrus. A informa\u00e7\u00e3o foi dada pelo governador do estado, Rui Costa, durante transmiss\u00e3o ao vivo nas redes sociais nesta ter\u00e7a-feira (19).<\/p>\n<p>O chefe da Secretaria de Seguran\u00e7a P\u00fablica cumpre isolamento domiciliar e n\u00e3o apresentou nenhuma complica\u00e7\u00e3o pela covid-19.<\/p>\n<p>O governador e o secret\u00e1rio estadual de Sa\u00fade, F\u00e1bio Vilas-Boas, fizeram exame e testaram negativo.\u00a0Em nota, o governo do Estado se manifestou oficialmente sobre o caso:<\/p>\n<p><em>&#8220;O secret\u00e1rio da Seguran\u00e7a P\u00fablica \u00a0Maur\u00edcio Barbosa aguarda a confirma\u00e7\u00e3o do segundo teste para a Covid-19, ap\u00f3s ter tido contato com uma pessoa que apresentou sintomas da doen\u00e7a. Ele est\u00e1 em quarentena em casa desde a \u00a0\u00faltima sexta-feira (15), quando passou a despachar de casa&#8221;. \/\/BNews<\/em><\/p>\n","protected":false},"excerpt":{"rendered":"<p>O secret\u00e1rio de Seguran\u00e7a P\u00fablica da Bahia, Maur\u00edcio Barbosa, est\u00e1 contaminado pelo novo coronav\u00edrus. A informa\u00e7\u00e3o foi dada pelo governador do estado, Rui Costa, durante transmiss\u00e3o ao vivo nas redes sociais nesta ter\u00e7a-feira (19). O chefe da Secretaria de Seguran\u00e7a P\u00fablica cumpre isolamento domiciliar e n\u00e3o apresentou nenhuma complica\u00e7\u00e3o pela covid-19. O governador e o [&hellip;]<\/p>\n","protected":false},"author":2,"featured_media":86904,"comment_status":"open","ping_status":"open","sticky":false,"template":"","format":"standard","meta":{"footnotes":"","_links_to":"","_links_to_target":""},"categories":[1],"tags":[],"class_list":["post-86903","post","type-post","status-publish","format-standard","has-post-thumbnail","hentry","category-geral"],"views":987,"_links":{"self":[{"href":"https:\/\/www.sudoestehoje.com.br\/novoportal\/wp-json\/wp\/v2\/posts\/86903","targetHints":{"allow":["GET"]}}],"collection":[{"href":"https:\/\/www.sudoestehoje.com.br\/novoportal\/wp-json\/wp\/v2\/posts"}],"about":[{"href":"https:\/\/www.sudoestehoje.com.br\/novoportal\/wp-json\/wp\/v2\/types\/post"}],"author":[{"embeddable":true,"href":"https:\/\/www.sudoestehoje.com.br\/novoportal\/wp-json\/wp\/v2\/users\/2"}],"replies":[{"embeddable":true,"href":"https:\/\/www.sudoestehoje.com.br\/novoportal\/wp-json\/wp\/v2\/comments?post=86903"}],"version-history":[{"count":1,"href":"https:\/\/www.sudoestehoje.com.br\/novoportal\/wp-json\/wp\/v2\/posts\/86903\/revisions"}],"predecessor-version":[{"id":86905,"href":"https:\/\/www.sudoestehoje.com.br\/novoportal\/wp-json\/wp\/v2\/posts\/86903\/revisions\/86905"}],"wp:featuredmedia":[{"embeddable":true,"href":"https:\/\/www.sudoestehoje.com.br\/novoportal\/wp-json\/wp\/v2\/media\/86904"}],"wp:attachment":[{"href":"https:\/\/www.sudoestehoje.com.br\/novoportal\/wp-json\/wp\/v2\/media?parent=86903"}],"wp:term":[{"taxonomy":"category","embeddable":true,"href":"https:\/\/www.sudoestehoje.com.br\/novoportal\/wp-json\/wp\/v2\/categories?post=86903"},{"taxonomy":"post_tag","embeddable":true,"href":"https:\/\/www.sudoestehoje.com.br\/novoportal\/wp-json\/wp\/v2\/tags?post=86903"}],"curies":[{"name":"wp","href":"https:\/\/api.w.org\/{rel}","templated":true}]}}