
{"id":86891,"date":"2020-05-19T20:06:31","date_gmt":"2020-05-19T23:06:31","guid":{"rendered":"https:\/\/www.sudoestehoje.com.br\/novoportal\/?p=86891"},"modified":"2020-05-19T20:06:31","modified_gmt":"2020-05-19T23:06:31","slug":"brasil-tem-1-179-mortes-por-covid-19-em-24-horas-e-totaliza-17-971-obitos-confirmados","status":"publish","type":"post","link":"https:\/\/www.sudoestehoje.com.br\/novoportal\/2020\/05\/19\/brasil-tem-1-179-mortes-por-covid-19-em-24-horas-e-totaliza-17-971-obitos-confirmados\/","title":{"rendered":"BRASIL TEM 1.179 MORTES POR COVID-19 EM 24 HORAS E TOTALIZA 17.971 \u00d3BITOS CONFIRMADOS"},"content":{"rendered":"<p><a href=\"https:\/\/www.sudoestehoje.com.br\/novoportal\/wp-content\/uploads\/2020\/05\/MAIS-DE-MIL.jpg\"><img loading=\"lazy\" decoding=\"async\" class=\"aligncenter size-medium wp-image-86893\" src=\"https:\/\/www.sudoestehoje.com.br\/novoportal\/wp-content\/uploads\/2020\/05\/MAIS-DE-MIL-500x333.jpg\" alt=\"\" width=\"500\" height=\"333\" srcset=\"https:\/\/www.sudoestehoje.com.br\/novoportal\/wp-content\/uploads\/2020\/05\/MAIS-DE-MIL-500x333.jpg 500w, https:\/\/www.sudoestehoje.com.br\/novoportal\/wp-content\/uploads\/2020\/05\/MAIS-DE-MIL.jpg 680w\" sizes=\"auto, (max-width: 500px) 100vw, 500px\" \/><\/a><\/p>\n<p>O mais recente levantamento do<strong>\u00a0Minist\u00e9rio da Sa\u00fade<\/strong>\u00a0sobre o avan\u00e7o do\u00a0<strong>novo coronav\u00edrus<\/strong>\u00a0no pa\u00eds, publicado nesta ter\u00e7a-feira, 19, aponta um novo<strong>\u00a0recorde de mortes<\/strong> em 24 horas:\u00a0 foram <strong>1.179 casos<\/strong>, totalizando\u00a0<strong>17.971 \u00f3bitos confirmados<\/strong>\u00a0desde o in\u00edcio da pandemia.<\/p>\n<p>Esta \u00e9 a primeira vez que s\u00e3o notificadas mais de 1.000 mortes em um \u00fanico dia.<\/p>\n<p>O acr\u00e9scimo de casos tamb\u00e9m teve uma alta sem precedentes, foram 17.408 registros desde ontem, o total \u00e9<strong>\u00a0271.628 diagn\u00f3sticos positivos<\/strong>\u00a0para Covid-19. Destes, 146.863 est\u00e3o em acompanhamento e outros 106.764 est\u00e3o recuperados.<\/p>\n<p>Os estados mais afetados pela pandemia s\u00e3o: S\u00e3o Paulo, com 65.995 casos e 5.147 mortes; Cear\u00e1, com 28.112 mortes e 1.856 \u00f3bitos e Rio de Janeiro, 27.805 casos e 3.079 mortes.<\/p>\n","protected":false},"excerpt":{"rendered":"<p>O mais recente levantamento do\u00a0Minist\u00e9rio da Sa\u00fade\u00a0sobre o avan\u00e7o do\u00a0novo coronav\u00edrus\u00a0no pa\u00eds, publicado nesta ter\u00e7a-feira, 19, aponta um novo\u00a0recorde de mortes em 24 horas:\u00a0 foram 1.179 casos, totalizando\u00a017.971 \u00f3bitos confirmados\u00a0desde o in\u00edcio da pandemia. Esta \u00e9 a primeira vez que s\u00e3o notificadas mais de 1.000 mortes em um \u00fanico dia. O acr\u00e9scimo de casos tamb\u00e9m [&hellip;]<\/p>\n","protected":false},"author":2,"featured_media":86893,"comment_status":"open","ping_status":"open","sticky":false,"template":"","format":"standard","meta":{"footnotes":"","_links_to":"","_links_to_target":""},"categories":[1],"tags":[],"class_list":["post-86891","post","type-post","status-publish","format-standard","has-post-thumbnail","hentry","category-geral"],"views":886,"_links":{"self":[{"href":"https:\/\/www.sudoestehoje.com.br\/novoportal\/wp-json\/wp\/v2\/posts\/86891","targetHints":{"allow":["GET"]}}],"collection":[{"href":"https:\/\/www.sudoestehoje.com.br\/novoportal\/wp-json\/wp\/v2\/posts"}],"about":[{"href":"https:\/\/www.sudoestehoje.com.br\/novoportal\/wp-json\/wp\/v2\/types\/post"}],"author":[{"embeddable":true,"href":"https:\/\/www.sudoestehoje.com.br\/novoportal\/wp-json\/wp\/v2\/users\/2"}],"replies":[{"embeddable":true,"href":"https:\/\/www.sudoestehoje.com.br\/novoportal\/wp-json\/wp\/v2\/comments?post=86891"}],"version-history":[{"count":4,"href":"https:\/\/www.sudoestehoje.com.br\/novoportal\/wp-json\/wp\/v2\/posts\/86891\/revisions"}],"predecessor-version":[{"id":86896,"href":"https:\/\/www.sudoestehoje.com.br\/novoportal\/wp-json\/wp\/v2\/posts\/86891\/revisions\/86896"}],"wp:featuredmedia":[{"embeddable":true,"href":"https:\/\/www.sudoestehoje.com.br\/novoportal\/wp-json\/wp\/v2\/media\/86893"}],"wp:attachment":[{"href":"https:\/\/www.sudoestehoje.com.br\/novoportal\/wp-json\/wp\/v2\/media?parent=86891"}],"wp:term":[{"taxonomy":"category","embeddable":true,"href":"https:\/\/www.sudoestehoje.com.br\/novoportal\/wp-json\/wp\/v2\/categories?post=86891"},{"taxonomy":"post_tag","embeddable":true,"href":"https:\/\/www.sudoestehoje.com.br\/novoportal\/wp-json\/wp\/v2\/tags?post=86891"}],"curies":[{"name":"wp","href":"https:\/\/api.w.org\/{rel}","templated":true}]}}