
{"id":86880,"date":"2020-05-18T21:31:32","date_gmt":"2020-05-19T00:31:32","guid":{"rendered":"https:\/\/www.sudoestehoje.com.br\/novoportal\/?p=86880"},"modified":"2020-05-18T21:31:32","modified_gmt":"2020-05-19T00:31:32","slug":"saae-comunica-suspensao-do-abastecimento-em-bairros-nesta-terca-feira","status":"publish","type":"post","link":"https:\/\/www.sudoestehoje.com.br\/novoportal\/2020\/05\/18\/saae-comunica-suspensao-do-abastecimento-em-bairros-nesta-terca-feira\/","title":{"rendered":"SAAE COMUNICA SUSPENS\u00c3O DO ABASTECIMENTO EM BAIRROS NESTA TER\u00c7A-FEIRA"},"content":{"rendered":"<p><a href=\"https:\/\/www.sudoestehoje.com.br\/novoportal\/wp-content\/uploads\/2020\/05\/SAAE-500x500-1.jpg\"><img loading=\"lazy\" decoding=\"async\" class=\"aligncenter size-full wp-image-86882\" src=\"https:\/\/www.sudoestehoje.com.br\/novoportal\/wp-content\/uploads\/2020\/05\/SAAE-500x500-1.jpg\" alt=\"\" width=\"500\" height=\"500\" srcset=\"https:\/\/www.sudoestehoje.com.br\/novoportal\/wp-content\/uploads\/2020\/05\/SAAE-500x500-1.jpg 500w, https:\/\/www.sudoestehoje.com.br\/novoportal\/wp-content\/uploads\/2020\/05\/SAAE-500x500-1-150x150.jpg 150w\" sizes=\"auto, (max-width: 500px) 100vw, 500px\" \/><\/a>O SAAE comunica aos seus usu\u00e1rios que ser\u00e1 feita a manuten\u00e7\u00e3o da rede de \u00e1gua no trecho entre as ruas Macarani e Jos\u00e9 Monteiro Filho, no Bairro Camacan, motivo pelo qual ser\u00e1 interrompido o fornecimento de \u00e1gua para todas as Vilas, Nova Itapetinga e para os Residenciais Cassiano Gon\u00e7alves e Neto Fernandes, no per\u00edodo entre 13:30h e 18:30h, desta ter\u00e7a-feira, 19, ao passo que orienta para que economizem a \u00e1gua dos reservat\u00f3rios.<\/p>\n<p>\u00c9 o SAAE cuidando bem da \u00e1gua que voc\u00ea consome.<br \/>\nAgradecemos a aten\u00e7\u00e3o e compreens\u00e3o de todos.<br \/>\nFonte: ASCOM\/SAAE ITAPETINGA.<\/p>\n","protected":false},"excerpt":{"rendered":"<p>O SAAE comunica aos seus usu\u00e1rios que ser\u00e1 feita a manuten\u00e7\u00e3o da rede de \u00e1gua no trecho entre as ruas Macarani e Jos\u00e9 Monteiro Filho, no Bairro Camacan, motivo pelo qual ser\u00e1 interrompido o fornecimento de \u00e1gua para todas as Vilas, Nova Itapetinga e para os Residenciais Cassiano Gon\u00e7alves e Neto Fernandes, no per\u00edodo entre [&hellip;]<\/p>\n","protected":false},"author":2,"featured_media":86882,"comment_status":"open","ping_status":"open","sticky":false,"template":"","format":"standard","meta":{"footnotes":"","_links_to":"","_links_to_target":""},"categories":[1],"tags":[],"class_list":["post-86880","post","type-post","status-publish","format-standard","has-post-thumbnail","hentry","category-geral"],"views":1670,"_links":{"self":[{"href":"https:\/\/www.sudoestehoje.com.br\/novoportal\/wp-json\/wp\/v2\/posts\/86880","targetHints":{"allow":["GET"]}}],"collection":[{"href":"https:\/\/www.sudoestehoje.com.br\/novoportal\/wp-json\/wp\/v2\/posts"}],"about":[{"href":"https:\/\/www.sudoestehoje.com.br\/novoportal\/wp-json\/wp\/v2\/types\/post"}],"author":[{"embeddable":true,"href":"https:\/\/www.sudoestehoje.com.br\/novoportal\/wp-json\/wp\/v2\/users\/2"}],"replies":[{"embeddable":true,"href":"https:\/\/www.sudoestehoje.com.br\/novoportal\/wp-json\/wp\/v2\/comments?post=86880"}],"version-history":[{"count":3,"href":"https:\/\/www.sudoestehoje.com.br\/novoportal\/wp-json\/wp\/v2\/posts\/86880\/revisions"}],"predecessor-version":[{"id":86884,"href":"https:\/\/www.sudoestehoje.com.br\/novoportal\/wp-json\/wp\/v2\/posts\/86880\/revisions\/86884"}],"wp:featuredmedia":[{"embeddable":true,"href":"https:\/\/www.sudoestehoje.com.br\/novoportal\/wp-json\/wp\/v2\/media\/86882"}],"wp:attachment":[{"href":"https:\/\/www.sudoestehoje.com.br\/novoportal\/wp-json\/wp\/v2\/media?parent=86880"}],"wp:term":[{"taxonomy":"category","embeddable":true,"href":"https:\/\/www.sudoestehoje.com.br\/novoportal\/wp-json\/wp\/v2\/categories?post=86880"},{"taxonomy":"post_tag","embeddable":true,"href":"https:\/\/www.sudoestehoje.com.br\/novoportal\/wp-json\/wp\/v2\/tags?post=86880"}],"curies":[{"name":"wp","href":"https:\/\/api.w.org\/{rel}","templated":true}]}}