
{"id":86876,"date":"2020-05-18T20:18:50","date_gmt":"2020-05-18T23:18:50","guid":{"rendered":"https:\/\/www.sudoestehoje.com.br\/novoportal\/?p=86876"},"modified":"2020-05-18T20:21:47","modified_gmt":"2020-05-18T23:21:47","slug":"tarugao-pediu-o-sac-abriu","status":"publish","type":"post","link":"https:\/\/www.sudoestehoje.com.br\/novoportal\/2020\/05\/18\/tarugao-pediu-o-sac-abriu\/","title":{"rendered":"TARUG\u00c3O PEDIU, O SAC ABRIU"},"content":{"rendered":"<p><a href=\"https:\/\/www.sudoestehoje.com.br\/novoportal\/wp-content\/uploads\/2020\/05\/tarugo-sac.jpg\"><img loading=\"lazy\" decoding=\"async\" class=\"aligncenter wp-image-86877\" src=\"https:\/\/www.sudoestehoje.com.br\/novoportal\/wp-content\/uploads\/2020\/05\/tarugo-sac-500x375.jpg\" alt=\"\" width=\"233\" height=\"175\" srcset=\"https:\/\/www.sudoestehoje.com.br\/novoportal\/wp-content\/uploads\/2020\/05\/tarugo-sac-500x375.jpg 500w, https:\/\/www.sudoestehoje.com.br\/novoportal\/wp-content\/uploads\/2020\/05\/tarugo-sac.jpg 600w\" sizes=\"auto, (max-width: 233px) 100vw, 233px\" \/><\/a><\/p>\n<p>A partir desta-segunda (18), o Ponto SAC de Itapetinga foi reaberto pela Secretaria de Administra\u00e7\u00e3o da Bahia e funcionar\u00e1 mediante agendamento. O pedido para reabertura do \u00f3rg\u00e3o foi protocolado pelo atuante vereador Tarug\u00e3o (MDB), nas barbas dos vereadores ligado ao governador, cuja estrat\u00e9gia torcer contra e cruzar os bra\u00e7os para atrapalhar a gest\u00e3o municipal, mesmo sacrificando os interesses da popula\u00e7\u00e3o de Itapetinga. Tarug\u00e3o capitalizou bem e os governistas perderam pontos importantes junto ao eleitorado. H\u00ea turma ruim de servi\u00e7o&#8230;<\/p>\n","protected":false},"excerpt":{"rendered":"<p>A partir desta-segunda (18), o Ponto SAC de Itapetinga foi reaberto pela Secretaria de Administra\u00e7\u00e3o da Bahia e funcionar\u00e1 mediante agendamento. O pedido para reabertura do \u00f3rg\u00e3o foi protocolado pelo atuante vereador Tarug\u00e3o (MDB), nas barbas dos vereadores ligado ao governador, cuja estrat\u00e9gia torcer contra e cruzar os bra\u00e7os para atrapalhar a gest\u00e3o municipal, mesmo [&hellip;]<\/p>\n","protected":false},"author":2,"featured_media":86877,"comment_status":"open","ping_status":"open","sticky":false,"template":"","format":"standard","meta":{"footnotes":"","_links_to":"","_links_to_target":""},"categories":[11],"tags":[],"class_list":["post-86876","post","type-post","status-publish","format-standard","has-post-thumbnail","hentry","category-quentinhas"],"views":1974,"_links":{"self":[{"href":"https:\/\/www.sudoestehoje.com.br\/novoportal\/wp-json\/wp\/v2\/posts\/86876","targetHints":{"allow":["GET"]}}],"collection":[{"href":"https:\/\/www.sudoestehoje.com.br\/novoportal\/wp-json\/wp\/v2\/posts"}],"about":[{"href":"https:\/\/www.sudoestehoje.com.br\/novoportal\/wp-json\/wp\/v2\/types\/post"}],"author":[{"embeddable":true,"href":"https:\/\/www.sudoestehoje.com.br\/novoportal\/wp-json\/wp\/v2\/users\/2"}],"replies":[{"embeddable":true,"href":"https:\/\/www.sudoestehoje.com.br\/novoportal\/wp-json\/wp\/v2\/comments?post=86876"}],"version-history":[{"count":2,"href":"https:\/\/www.sudoestehoje.com.br\/novoportal\/wp-json\/wp\/v2\/posts\/86876\/revisions"}],"predecessor-version":[{"id":86879,"href":"https:\/\/www.sudoestehoje.com.br\/novoportal\/wp-json\/wp\/v2\/posts\/86876\/revisions\/86879"}],"wp:featuredmedia":[{"embeddable":true,"href":"https:\/\/www.sudoestehoje.com.br\/novoportal\/wp-json\/wp\/v2\/media\/86877"}],"wp:attachment":[{"href":"https:\/\/www.sudoestehoje.com.br\/novoportal\/wp-json\/wp\/v2\/media?parent=86876"}],"wp:term":[{"taxonomy":"category","embeddable":true,"href":"https:\/\/www.sudoestehoje.com.br\/novoportal\/wp-json\/wp\/v2\/categories?post=86876"},{"taxonomy":"post_tag","embeddable":true,"href":"https:\/\/www.sudoestehoje.com.br\/novoportal\/wp-json\/wp\/v2\/tags?post=86876"}],"curies":[{"name":"wp","href":"https:\/\/api.w.org\/{rel}","templated":true}]}}