
{"id":86860,"date":"2020-05-17T20:15:41","date_gmt":"2020-05-17T23:15:41","guid":{"rendered":"https:\/\/www.sudoestehoje.com.br\/novoportal\/?p=86860"},"modified":"2020-05-17T20:15:41","modified_gmt":"2020-05-17T23:15:41","slug":"itapetinga-registra-10o-caso-de-covid-19","status":"publish","type":"post","link":"https:\/\/www.sudoestehoje.com.br\/novoportal\/2020\/05\/17\/itapetinga-registra-10o-caso-de-covid-19\/","title":{"rendered":"ITAPETINGA REGISTRA 10\u00ba CASO DE COVID-19"},"content":{"rendered":"<div><a href=\"https:\/\/www.sudoestehoje.com.br\/novoportal\/wp-content\/uploads\/2020\/05\/covid-10-casos.jpg\"><img loading=\"lazy\" decoding=\"async\" class=\"aligncenter size-medium wp-image-86861\" src=\"https:\/\/www.sudoestehoje.com.br\/novoportal\/wp-content\/uploads\/2020\/05\/covid-10-casos-500x223.jpg\" alt=\"\" width=\"500\" height=\"223\" srcset=\"https:\/\/www.sudoestehoje.com.br\/novoportal\/wp-content\/uploads\/2020\/05\/covid-10-casos-500x223.jpg 500w, https:\/\/www.sudoestehoje.com.br\/novoportal\/wp-content\/uploads\/2020\/05\/covid-10-casos-700x312.jpg 700w, https:\/\/www.sudoestehoje.com.br\/novoportal\/wp-content\/uploads\/2020\/05\/covid-10-casos-768x342.jpg 768w, https:\/\/www.sudoestehoje.com.br\/novoportal\/wp-content\/uploads\/2020\/05\/covid-10-casos.jpg 990w\" sizes=\"auto, (max-width: 500px) 100vw, 500px\" \/><\/a><\/div>\n<div class=\"entry-headline h5\">Itapetinga registra novo caso positivo para Covid-19. Desta vez, uma mulher de 59 anos. Come\u00e7ou a apresentar sintomas como febre, tosse, cefaleia, coriza, mialgia, diminui\u00e7\u00e3o de olfato e paladar.<\/div>\n<p>No dia 11 de maio, ela fez em laborat\u00f3rio, o exame de RT-PCR que testou positivo para Covid. A paciente j\u00e1 apresenta melhora nos sintomas, permanecendo apenas com espirros, tosse e coriza (sintomas ligados \u00e0 rinite al\u00e9rgica, doen\u00e7a pr\u00e9-existente).<\/p>\n<p>Agora, Itapetinga registra um acumulado de 10 casos confirmados segundo a Sesab. A Secretaria Municipal reconhece apenas\u00a0 7 casos, visto que n\u00e3o foi respons\u00e1vel pela testagem de 3 dos pacientes registrados pelo Governo do Estado. Seis desses casos j\u00e1 est\u00e3o curados.<\/p>\n","protected":false},"excerpt":{"rendered":"<p>Itapetinga registra novo caso positivo para Covid-19. Desta vez, uma mulher de 59 anos. Come\u00e7ou a apresentar sintomas como febre, tosse, cefaleia, coriza, mialgia, diminui\u00e7\u00e3o de olfato e paladar. No dia 11 de maio, ela fez em laborat\u00f3rio, o exame de RT-PCR que testou positivo para Covid. A paciente j\u00e1 apresenta melhora nos sintomas, permanecendo [&hellip;]<\/p>\n","protected":false},"author":2,"featured_media":86861,"comment_status":"open","ping_status":"open","sticky":false,"template":"","format":"standard","meta":{"footnotes":"","_links_to":"","_links_to_target":""},"categories":[1],"tags":[],"class_list":["post-86860","post","type-post","status-publish","format-standard","has-post-thumbnail","hentry","category-geral"],"views":2177,"_links":{"self":[{"href":"https:\/\/www.sudoestehoje.com.br\/novoportal\/wp-json\/wp\/v2\/posts\/86860","targetHints":{"allow":["GET"]}}],"collection":[{"href":"https:\/\/www.sudoestehoje.com.br\/novoportal\/wp-json\/wp\/v2\/posts"}],"about":[{"href":"https:\/\/www.sudoestehoje.com.br\/novoportal\/wp-json\/wp\/v2\/types\/post"}],"author":[{"embeddable":true,"href":"https:\/\/www.sudoestehoje.com.br\/novoportal\/wp-json\/wp\/v2\/users\/2"}],"replies":[{"embeddable":true,"href":"https:\/\/www.sudoestehoje.com.br\/novoportal\/wp-json\/wp\/v2\/comments?post=86860"}],"version-history":[{"count":2,"href":"https:\/\/www.sudoestehoje.com.br\/novoportal\/wp-json\/wp\/v2\/posts\/86860\/revisions"}],"predecessor-version":[{"id":86863,"href":"https:\/\/www.sudoestehoje.com.br\/novoportal\/wp-json\/wp\/v2\/posts\/86860\/revisions\/86863"}],"wp:featuredmedia":[{"embeddable":true,"href":"https:\/\/www.sudoestehoje.com.br\/novoportal\/wp-json\/wp\/v2\/media\/86861"}],"wp:attachment":[{"href":"https:\/\/www.sudoestehoje.com.br\/novoportal\/wp-json\/wp\/v2\/media?parent=86860"}],"wp:term":[{"taxonomy":"category","embeddable":true,"href":"https:\/\/www.sudoestehoje.com.br\/novoportal\/wp-json\/wp\/v2\/categories?post=86860"},{"taxonomy":"post_tag","embeddable":true,"href":"https:\/\/www.sudoestehoje.com.br\/novoportal\/wp-json\/wp\/v2\/tags?post=86860"}],"curies":[{"name":"wp","href":"https:\/\/api.w.org\/{rel}","templated":true}]}}