
{"id":86857,"date":"2020-05-17T13:49:51","date_gmt":"2020-05-17T16:49:51","guid":{"rendered":"https:\/\/www.sudoestehoje.com.br\/novoportal\/?p=86857"},"modified":"2020-05-17T13:49:51","modified_gmt":"2020-05-17T16:49:51","slug":"61-dos-baianos-querem-adiamento-das-eleicoes-municipais-diz-pesquisa","status":"publish","type":"post","link":"https:\/\/www.sudoestehoje.com.br\/novoportal\/2020\/05\/17\/61-dos-baianos-querem-adiamento-das-eleicoes-municipais-diz-pesquisa\/","title":{"rendered":"61% DOS BAIANOS QUEREM ADIAMENTO DAS ELEI\u00c7\u00d5ES MUNICIPAIS, DIZ PESQUISA"},"content":{"rendered":"<p><a href=\"https:\/\/www.sudoestehoje.com.br\/novoportal\/wp-content\/uploads\/2020\/05\/elei\u00e7\u00f5es-adiadas.jpg\"><img loading=\"lazy\" decoding=\"async\" class=\"aligncenter size-medium wp-image-86858\" src=\"https:\/\/www.sudoestehoje.com.br\/novoportal\/wp-content\/uploads\/2020\/05\/elei\u00e7\u00f5es-adiadas-500x281.jpg\" alt=\"\" width=\"500\" height=\"281\" srcset=\"https:\/\/www.sudoestehoje.com.br\/novoportal\/wp-content\/uploads\/2020\/05\/elei\u00e7\u00f5es-adiadas-500x281.jpg 500w, https:\/\/www.sudoestehoje.com.br\/novoportal\/wp-content\/uploads\/2020\/05\/elei\u00e7\u00f5es-adiadas-700x394.jpg 700w, https:\/\/www.sudoestehoje.com.br\/novoportal\/wp-content\/uploads\/2020\/05\/elei\u00e7\u00f5es-adiadas-768x432.jpg 768w, https:\/\/www.sudoestehoje.com.br\/novoportal\/wp-content\/uploads\/2020\/05\/elei\u00e7\u00f5es-adiadas.jpg 1280w\" sizes=\"auto, (max-width: 500px) 100vw, 500px\" \/><\/a><\/p>\n<p>A maioria dos baianos \u00e9 favor\u00e1vel ao adiamento das elei\u00e7\u00f5es em virtude da pandemia do novo coronav\u00edrus. De acordo com a terceira rodada da pesquisa A TARDE\/DataPoder360, 61% acham que o pleito deve ser postergado para novembro ou dezembro, enquanto 20% que acreditam que ela precisa ser mantida.<\/p>\n<p>Em Salvador, os n\u00fameros s\u00e3o parecidos. 59% dos soteropolitanos querem o adiamento, enquanto 16% \u00e9 contra a mudan\u00e7a da data por causa da doen\u00e7a.<\/p>\n<p>O adiamento tem maior ades\u00e3o entre apoio nas mulheres (5%), pessoas com idades entre 25 e 44 anos e 45 e 59 anos (17%, ambas as faixas et\u00e1rias), quem possui at\u00e9 o ensino m\u00e9dio (16%) e com renda acima dos 10 m\u00ednimos (31%).<\/p>\n<p>Por outro lado, a manuten\u00e7\u00e3o da data das elei\u00e7\u00f5es conta com ades\u00e3o maior entre homens (31%), pessoas entre 45 e 59 anos (23%), com renda m\u00e9dia acima de 10 sal\u00e1rios m\u00ednimos (31%) e n\u00e3o escolarizados (62%). O adiamento para novembro ou dezembro \u00e9 mais aceito entre mulheres (71%), idosos (70%), pessoas com ensino superior (66%) e quem tem renda entre 5 e 10 sal\u00e1rios m\u00ednimos (71%).<\/p>\n<p>O levantamento ouviu 2.500 pessoas em 200 munic\u00edpios baianos, entre os dias 11 e 13 de maio. A margem de erro \u00e9 de dois pontos percentuais para mais ou para menos. O intervalo de confian\u00e7a \u00e9 de 95%. Em Salvador, a margem de erro \u00e9 de 3,5 pontos percentuais; o intervalo de confian\u00e7a, de 95%.<\/p>\n<p>O adiamento das elei\u00e7\u00f5es municipais se tornou pauta em virtude do avan\u00e7o da pandemia no pa\u00eds. O fato de eleitores se aglomerarem nos col\u00e9gios eleitorais \u00e9 o ponto que pode representar perigo em um momento que se deve evitar aglomera\u00e7\u00f5es. <strong><em>\/\/Bahia Not\u00edcias<\/em><\/strong><\/p>\n","protected":false},"excerpt":{"rendered":"<p>A maioria dos baianos \u00e9 favor\u00e1vel ao adiamento das elei\u00e7\u00f5es em virtude da pandemia do novo coronav\u00edrus. De acordo com a terceira rodada da pesquisa A TARDE\/DataPoder360, 61% acham que o pleito deve ser postergado para novembro ou dezembro, enquanto 20% que acreditam que ela precisa ser mantida. Em Salvador, os n\u00fameros s\u00e3o parecidos. 59% [&hellip;]<\/p>\n","protected":false},"author":2,"featured_media":86858,"comment_status":"open","ping_status":"open","sticky":false,"template":"","format":"standard","meta":{"footnotes":"","_links_to":"","_links_to_target":""},"categories":[1],"tags":[],"class_list":["post-86857","post","type-post","status-publish","format-standard","has-post-thumbnail","hentry","category-geral"],"views":1090,"_links":{"self":[{"href":"https:\/\/www.sudoestehoje.com.br\/novoportal\/wp-json\/wp\/v2\/posts\/86857","targetHints":{"allow":["GET"]}}],"collection":[{"href":"https:\/\/www.sudoestehoje.com.br\/novoportal\/wp-json\/wp\/v2\/posts"}],"about":[{"href":"https:\/\/www.sudoestehoje.com.br\/novoportal\/wp-json\/wp\/v2\/types\/post"}],"author":[{"embeddable":true,"href":"https:\/\/www.sudoestehoje.com.br\/novoportal\/wp-json\/wp\/v2\/users\/2"}],"replies":[{"embeddable":true,"href":"https:\/\/www.sudoestehoje.com.br\/novoportal\/wp-json\/wp\/v2\/comments?post=86857"}],"version-history":[{"count":1,"href":"https:\/\/www.sudoestehoje.com.br\/novoportal\/wp-json\/wp\/v2\/posts\/86857\/revisions"}],"predecessor-version":[{"id":86859,"href":"https:\/\/www.sudoestehoje.com.br\/novoportal\/wp-json\/wp\/v2\/posts\/86857\/revisions\/86859"}],"wp:featuredmedia":[{"embeddable":true,"href":"https:\/\/www.sudoestehoje.com.br\/novoportal\/wp-json\/wp\/v2\/media\/86858"}],"wp:attachment":[{"href":"https:\/\/www.sudoestehoje.com.br\/novoportal\/wp-json\/wp\/v2\/media?parent=86857"}],"wp:term":[{"taxonomy":"category","embeddable":true,"href":"https:\/\/www.sudoestehoje.com.br\/novoportal\/wp-json\/wp\/v2\/categories?post=86857"},{"taxonomy":"post_tag","embeddable":true,"href":"https:\/\/www.sudoestehoje.com.br\/novoportal\/wp-json\/wp\/v2\/tags?post=86857"}],"curies":[{"name":"wp","href":"https:\/\/api.w.org\/{rel}","templated":true}]}}