
{"id":86845,"date":"2020-05-16T22:31:25","date_gmt":"2020-05-17T01:31:25","guid":{"rendered":"https:\/\/www.sudoestehoje.com.br\/novoportal\/?p=86845"},"modified":"2020-05-16T22:31:25","modified_gmt":"2020-05-17T01:31:25","slug":"fundacao-jose-silveira-inicia-formacao-para-profissionais-de-saude-voltada-a-covid-19","status":"publish","type":"post","link":"https:\/\/www.sudoestehoje.com.br\/novoportal\/2020\/05\/16\/fundacao-jose-silveira-inicia-formacao-para-profissionais-de-saude-voltada-a-covid-19\/","title":{"rendered":"FUNDA\u00c7\u00c3O JOS\u00c9 SILVEIRA INICIA FORMA\u00c7\u00c3O PARA PROFISSIONAIS DE SA\u00daDE VOLTADA \u00c0 COVID-19"},"content":{"rendered":"<p xml:lang=\"PT-BR\"><a href=\"https:\/\/www.sudoestehoje.com.br\/novoportal\/wp-content\/uploads\/2020\/05\/Hospital-Santo-Amaro-scaled.jpg\"><img loading=\"lazy\" decoding=\"async\" class=\"aligncenter size-medium wp-image-86847\" src=\"https:\/\/www.sudoestehoje.com.br\/novoportal\/wp-content\/uploads\/2020\/05\/Hospital-Santo-Amaro-500x328.jpg\" alt=\"\" width=\"500\" height=\"328\" srcset=\"https:\/\/www.sudoestehoje.com.br\/novoportal\/wp-content\/uploads\/2020\/05\/Hospital-Santo-Amaro-500x328.jpg 500w, https:\/\/www.sudoestehoje.com.br\/novoportal\/wp-content\/uploads\/2020\/05\/Hospital-Santo-Amaro-700x459.jpg 700w, https:\/\/www.sudoestehoje.com.br\/novoportal\/wp-content\/uploads\/2020\/05\/Hospital-Santo-Amaro-768x504.jpg 768w, https:\/\/www.sudoestehoje.com.br\/novoportal\/wp-content\/uploads\/2020\/05\/Hospital-Santo-Amaro-1536x1008.jpg 1536w, https:\/\/www.sudoestehoje.com.br\/novoportal\/wp-content\/uploads\/2020\/05\/Hospital-Santo-Amaro-2048x1344.jpg 2048w\" sizes=\"auto, (max-width: 500px) 100vw, 500px\" \/><\/a><\/p>\n<p xml:lang=\"PT-BR\">A Funda\u00e7\u00e3o Jos\u00e9 Silveira (FJS), por meio de Centro de Pesquisa, Ensino e Inova\u00e7\u00e3o, iniciou a forma\u00e7\u00e3o continuada em servi\u00e7o para profissionais de sa\u00fade COVID-19, com a participa\u00e7\u00e3o de 40 novos t\u00e9cnicos de enfermagem da institui\u00e7\u00e3o, neste s\u00e1bado (16).<\/p>\n<p xml:lang=\"PT-BR\">A iniciativa \u00e9 destinada \u00e0 capacita\u00e7\u00e3o dos profissionais para atuar nas unidades de sa\u00fade de refer\u00eancia, especialmente nas \u00e1reas de UTI e Emerg\u00eancia. A forma\u00e7\u00e3o est\u00e1 sendo desenvolvida por meio de uma parceria entre a FJS e a\u00a0Unime\u00a0\u2013 Lauro de Freitas, na modalidade de ensino \u00e0 dist\u00e2ncia. De forma solid\u00e1ria e com compromisso social, a\u00a0Unime\u00a0mobilizou as Coordena\u00e7\u00f5es Acad\u00eamica, do curso de Medicina, Pedag\u00f3gica e docentes para ministrarem as aulas te\u00f3ricas.<\/p>\n<p xml:lang=\"PT-BR\">O treinamento pr\u00e1tico ser\u00e1 desenvolvido nas unidades de sa\u00fade onde os profissionais est\u00e3o lotados, sob a supervis\u00e3o de profissionais da\u00a0FJS especialistas\u00a0nas \u00e1reas de UTI e Emerg\u00eancia. A aula inaugural teve a participa\u00e7\u00e3o do presidente da Funda\u00e7\u00e3o Jos\u00e9 Silveira, Dr. Geraldo Leite, que ressaltou a import\u00e2ncia da qualifica\u00e7\u00e3o para lidar com os desafios da pandemia. \u201cEssa parceria e amizade dar\u00e3o frutos hoje, amanh\u00e3 e sempre\u201d, comentou Dr. Geraldo Leite.<\/p>\n","protected":false},"excerpt":{"rendered":"<p>A Funda\u00e7\u00e3o Jos\u00e9 Silveira (FJS), por meio de Centro de Pesquisa, Ensino e Inova\u00e7\u00e3o, iniciou a forma\u00e7\u00e3o continuada em servi\u00e7o para profissionais de sa\u00fade COVID-19, com a participa\u00e7\u00e3o de 40 novos t\u00e9cnicos de enfermagem da institui\u00e7\u00e3o, neste s\u00e1bado (16). A iniciativa \u00e9 destinada \u00e0 capacita\u00e7\u00e3o dos profissionais para atuar nas unidades de sa\u00fade de refer\u00eancia, [&hellip;]<\/p>\n","protected":false},"author":2,"featured_media":86847,"comment_status":"open","ping_status":"open","sticky":false,"template":"","format":"standard","meta":{"footnotes":"","_links_to":"","_links_to_target":""},"categories":[1],"tags":[],"class_list":["post-86845","post","type-post","status-publish","format-standard","has-post-thumbnail","hentry","category-geral"],"views":2003,"_links":{"self":[{"href":"https:\/\/www.sudoestehoje.com.br\/novoportal\/wp-json\/wp\/v2\/posts\/86845","targetHints":{"allow":["GET"]}}],"collection":[{"href":"https:\/\/www.sudoestehoje.com.br\/novoportal\/wp-json\/wp\/v2\/posts"}],"about":[{"href":"https:\/\/www.sudoestehoje.com.br\/novoportal\/wp-json\/wp\/v2\/types\/post"}],"author":[{"embeddable":true,"href":"https:\/\/www.sudoestehoje.com.br\/novoportal\/wp-json\/wp\/v2\/users\/2"}],"replies":[{"embeddable":true,"href":"https:\/\/www.sudoestehoje.com.br\/novoportal\/wp-json\/wp\/v2\/comments?post=86845"}],"version-history":[{"count":2,"href":"https:\/\/www.sudoestehoje.com.br\/novoportal\/wp-json\/wp\/v2\/posts\/86845\/revisions"}],"predecessor-version":[{"id":86848,"href":"https:\/\/www.sudoestehoje.com.br\/novoportal\/wp-json\/wp\/v2\/posts\/86845\/revisions\/86848"}],"wp:featuredmedia":[{"embeddable":true,"href":"https:\/\/www.sudoestehoje.com.br\/novoportal\/wp-json\/wp\/v2\/media\/86847"}],"wp:attachment":[{"href":"https:\/\/www.sudoestehoje.com.br\/novoportal\/wp-json\/wp\/v2\/media?parent=86845"}],"wp:term":[{"taxonomy":"category","embeddable":true,"href":"https:\/\/www.sudoestehoje.com.br\/novoportal\/wp-json\/wp\/v2\/categories?post=86845"},{"taxonomy":"post_tag","embeddable":true,"href":"https:\/\/www.sudoestehoje.com.br\/novoportal\/wp-json\/wp\/v2\/tags?post=86845"}],"curies":[{"name":"wp","href":"https:\/\/api.w.org\/{rel}","templated":true}]}}