
{"id":86837,"date":"2020-05-16T21:08:17","date_gmt":"2020-05-17T00:08:17","guid":{"rendered":"https:\/\/www.sudoestehoje.com.br\/novoportal\/?p=86837"},"modified":"2020-05-16T22:16:25","modified_gmt":"2020-05-17T01:16:25","slug":"itapetinga-zera-casos-de-coronavirus-mas-municipios-proximos-preocupam","status":"publish","type":"post","link":"https:\/\/www.sudoestehoje.com.br\/novoportal\/2020\/05\/16\/itapetinga-zera-casos-de-coronavirus-mas-municipios-proximos-preocupam\/","title":{"rendered":"ITAPETINGA ZEROU CASOS DE CORONAV\u00cdRUS, MAS MUNIC\u00cdPIOS PR\u00d3XIMOS PREOCUPAM"},"content":{"rendered":"<p><a href=\"https:\/\/www.sudoestehoje.com.br\/novoportal\/wp-content\/uploads\/2020\/05\/ITAP-VISTA.jpg\"><img loading=\"lazy\" decoding=\"async\" class=\"aligncenter size-medium wp-image-86840\" src=\"https:\/\/www.sudoestehoje.com.br\/novoportal\/wp-content\/uploads\/2020\/05\/ITAP-VISTA-500x375.jpg\" alt=\"\" width=\"500\" height=\"375\" srcset=\"https:\/\/www.sudoestehoje.com.br\/novoportal\/wp-content\/uploads\/2020\/05\/ITAP-VISTA-500x375.jpg 500w, https:\/\/www.sudoestehoje.com.br\/novoportal\/wp-content\/uploads\/2020\/05\/ITAP-VISTA.jpg 640w\" sizes=\"auto, (max-width: 500px) 100vw, 500px\" \/><\/a><\/p>\n<p>Ap\u00f3s registrar 9 casos de coronav\u00edrus confirmados pela Sesab e munic\u00edpio, Itapetinga<strong><em> zerou<\/em><\/strong> o registro de pessoas contaminadas pelo novo v\u00edrus, h\u00e1 cerca de 20 dias, o que coloca o munic\u00edpio em situa\u00e7\u00e3o confort\u00e1vel, mas em alerta permanente.<\/p>\n<p>Por conta dessa estabilidade, foi poss\u00edvel flexibilizar o funcionamento do com\u00e9rcio e servi\u00e7os, o que aliviou a atividade econ\u00f4mica, que j\u00e1 estava estrangulada. Isto sem falar das centenas de demiss\u00f5es nas ind\u00fastrias de cal\u00e7ados, que impactou a economia do munic\u00edpio.<\/p>\n<p>O momento em Itapetinga \u00e9 certo otimismo, mas n\u00e3o podemos afrouxar as medidas de distanciamento social, e at\u00e9 de isolamento, visto que nos munic\u00edpios pr\u00f3ximos o quadro \u00e9 bem diferente. Itabuna, Ilh\u00e9us e Vit\u00f3ria da Conquista est\u00e3o numa crescente preocupante, em n\u00famero de casos da Covid-19, e estamos geograficamente &#8216;cercados&#8217; por essas cidades.<\/p>\n<p>Isto sem falar da nossa rela\u00e7\u00e3o comercial, educacional, de sa\u00fade e at\u00e9 familiar, com a vizinha Vit\u00f3ria da Conquista, maior centro regional, onde o n\u00famero de casos da Covid come\u00e7a a disparar.<\/p>\n<p>N\u00e3o podemos afrouxar as medidas adotadas pelo munic\u00edpio e at\u00e9 ampli\u00e1-las, caso seja necess\u00e1rio.<\/p>\n<p><strong><em>Por Davi Ferraz<\/em><\/strong><\/p>\n","protected":false},"excerpt":{"rendered":"<p>Ap\u00f3s registrar 9 casos de coronav\u00edrus confirmados pela Sesab e munic\u00edpio, Itapetinga zerou o registro de pessoas contaminadas pelo novo v\u00edrus, h\u00e1 cerca de 20 dias, o que coloca o munic\u00edpio em situa\u00e7\u00e3o confort\u00e1vel, mas em alerta permanente. Por conta dessa estabilidade, foi poss\u00edvel flexibilizar o funcionamento do com\u00e9rcio e servi\u00e7os, o que aliviou a [&hellip;]<\/p>\n","protected":false},"author":2,"featured_media":86840,"comment_status":"open","ping_status":"open","sticky":false,"template":"","format":"standard","meta":{"footnotes":"","_links_to":"","_links_to_target":""},"categories":[1],"tags":[],"class_list":["post-86837","post","type-post","status-publish","format-standard","has-post-thumbnail","hentry","category-geral"],"views":12760,"_links":{"self":[{"href":"https:\/\/www.sudoestehoje.com.br\/novoportal\/wp-json\/wp\/v2\/posts\/86837","targetHints":{"allow":["GET"]}}],"collection":[{"href":"https:\/\/www.sudoestehoje.com.br\/novoportal\/wp-json\/wp\/v2\/posts"}],"about":[{"href":"https:\/\/www.sudoestehoje.com.br\/novoportal\/wp-json\/wp\/v2\/types\/post"}],"author":[{"embeddable":true,"href":"https:\/\/www.sudoestehoje.com.br\/novoportal\/wp-json\/wp\/v2\/users\/2"}],"replies":[{"embeddable":true,"href":"https:\/\/www.sudoestehoje.com.br\/novoportal\/wp-json\/wp\/v2\/comments?post=86837"}],"version-history":[{"count":6,"href":"https:\/\/www.sudoestehoje.com.br\/novoportal\/wp-json\/wp\/v2\/posts\/86837\/revisions"}],"predecessor-version":[{"id":86844,"href":"https:\/\/www.sudoestehoje.com.br\/novoportal\/wp-json\/wp\/v2\/posts\/86837\/revisions\/86844"}],"wp:featuredmedia":[{"embeddable":true,"href":"https:\/\/www.sudoestehoje.com.br\/novoportal\/wp-json\/wp\/v2\/media\/86840"}],"wp:attachment":[{"href":"https:\/\/www.sudoestehoje.com.br\/novoportal\/wp-json\/wp\/v2\/media?parent=86837"}],"wp:term":[{"taxonomy":"category","embeddable":true,"href":"https:\/\/www.sudoestehoje.com.br\/novoportal\/wp-json\/wp\/v2\/categories?post=86837"},{"taxonomy":"post_tag","embeddable":true,"href":"https:\/\/www.sudoestehoje.com.br\/novoportal\/wp-json\/wp\/v2\/tags?post=86837"}],"curies":[{"name":"wp","href":"https:\/\/api.w.org\/{rel}","templated":true}]}}