
{"id":86833,"date":"2020-05-16T19:41:57","date_gmt":"2020-05-16T22:41:57","guid":{"rendered":"https:\/\/www.sudoestehoje.com.br\/novoportal\/?p=86833"},"modified":"2020-05-16T19:41:57","modified_gmt":"2020-05-16T22:41:57","slug":"conquista-pula-pra-74-o-numero-de-casos-confirmados-de-coronavirus","status":"publish","type":"post","link":"https:\/\/www.sudoestehoje.com.br\/novoportal\/2020\/05\/16\/conquista-pula-pra-74-o-numero-de-casos-confirmados-de-coronavirus\/","title":{"rendered":"CONQUISTA: PULA PRA 74 O N\u00daMERO DE CASOS CONFIRMADOS DE CORONAV\u00cdRUS"},"content":{"rendered":"<p><a href=\"https:\/\/www.sudoestehoje.com.br\/novoportal\/wp-content\/uploads\/2020\/05\/CORONA-CONQ.jpg\"><img loading=\"lazy\" decoding=\"async\" class=\"aligncenter size-medium wp-image-86834\" src=\"https:\/\/www.sudoestehoje.com.br\/novoportal\/wp-content\/uploads\/2020\/05\/CORONA-CONQ-500x500.jpg\" alt=\"\" width=\"500\" height=\"500\" srcset=\"https:\/\/www.sudoestehoje.com.br\/novoportal\/wp-content\/uploads\/2020\/05\/CORONA-CONQ-500x500.jpg 500w, https:\/\/www.sudoestehoje.com.br\/novoportal\/wp-content\/uploads\/2020\/05\/CORONA-CONQ-700x700.jpg 700w, https:\/\/www.sudoestehoje.com.br\/novoportal\/wp-content\/uploads\/2020\/05\/CORONA-CONQ-150x150.jpg 150w, https:\/\/www.sudoestehoje.com.br\/novoportal\/wp-content\/uploads\/2020\/05\/CORONA-CONQ-768x768.jpg 768w, https:\/\/www.sudoestehoje.com.br\/novoportal\/wp-content\/uploads\/2020\/05\/CORONA-CONQ.jpg 1200w\" sizes=\"auto, (max-width: 500px) 100vw, 500px\" \/><\/a><\/p>\n<p>Com a acelera\u00e7\u00e3o dos testes laboratoriais a curva da COVID-19 tende a subir em Vit\u00f3ria da Conquista. No Boletim Epidemiol\u00f3gico deste s\u00e1bado (16) os n\u00fameros de casos chegaram aos 74.<\/p>\n<p>Destes, quatro morreram, quarenta se curaram e trinta ainda est\u00e3o combatendo do Coronav\u00edrus.<\/p>\n<p>Alerta M\u00e1ximo que refor\u00e7a o Isolamento Social, o uso de m\u00e1scaras e a lavagem das m\u00e3os, dentre outras recomenda\u00e7\u00f5es da Organiza\u00e7\u00e3o Municipal de Sa\u00fade (OMS). <em>\/\/Blog do Anderson<\/em><\/p>\n","protected":false},"excerpt":{"rendered":"<p>Com a acelera\u00e7\u00e3o dos testes laboratoriais a curva da COVID-19 tende a subir em Vit\u00f3ria da Conquista. No Boletim Epidemiol\u00f3gico deste s\u00e1bado (16) os n\u00fameros de casos chegaram aos 74. Destes, quatro morreram, quarenta se curaram e trinta ainda est\u00e3o combatendo do Coronav\u00edrus. Alerta M\u00e1ximo que refor\u00e7a o Isolamento Social, o uso de m\u00e1scaras e [&hellip;]<\/p>\n","protected":false},"author":2,"featured_media":86834,"comment_status":"open","ping_status":"open","sticky":false,"template":"","format":"standard","meta":{"footnotes":"","_links_to":"","_links_to_target":""},"categories":[1],"tags":[],"class_list":["post-86833","post","type-post","status-publish","format-standard","has-post-thumbnail","hentry","category-geral"],"views":1202,"_links":{"self":[{"href":"https:\/\/www.sudoestehoje.com.br\/novoportal\/wp-json\/wp\/v2\/posts\/86833","targetHints":{"allow":["GET"]}}],"collection":[{"href":"https:\/\/www.sudoestehoje.com.br\/novoportal\/wp-json\/wp\/v2\/posts"}],"about":[{"href":"https:\/\/www.sudoestehoje.com.br\/novoportal\/wp-json\/wp\/v2\/types\/post"}],"author":[{"embeddable":true,"href":"https:\/\/www.sudoestehoje.com.br\/novoportal\/wp-json\/wp\/v2\/users\/2"}],"replies":[{"embeddable":true,"href":"https:\/\/www.sudoestehoje.com.br\/novoportal\/wp-json\/wp\/v2\/comments?post=86833"}],"version-history":[{"count":2,"href":"https:\/\/www.sudoestehoje.com.br\/novoportal\/wp-json\/wp\/v2\/posts\/86833\/revisions"}],"predecessor-version":[{"id":86836,"href":"https:\/\/www.sudoestehoje.com.br\/novoportal\/wp-json\/wp\/v2\/posts\/86833\/revisions\/86836"}],"wp:featuredmedia":[{"embeddable":true,"href":"https:\/\/www.sudoestehoje.com.br\/novoportal\/wp-json\/wp\/v2\/media\/86834"}],"wp:attachment":[{"href":"https:\/\/www.sudoestehoje.com.br\/novoportal\/wp-json\/wp\/v2\/media?parent=86833"}],"wp:term":[{"taxonomy":"category","embeddable":true,"href":"https:\/\/www.sudoestehoje.com.br\/novoportal\/wp-json\/wp\/v2\/categories?post=86833"},{"taxonomy":"post_tag","embeddable":true,"href":"https:\/\/www.sudoestehoje.com.br\/novoportal\/wp-json\/wp\/v2\/tags?post=86833"}],"curies":[{"name":"wp","href":"https:\/\/api.w.org\/{rel}","templated":true}]}}