
{"id":86826,"date":"2020-05-16T18:45:07","date_gmt":"2020-05-16T21:45:07","guid":{"rendered":"https:\/\/www.sudoestehoje.com.br\/novoportal\/?p=86826"},"modified":"2020-05-16T18:52:48","modified_gmt":"2020-05-16T21:52:48","slug":"nome-usado-em-teste-de-bolsonaro-e-de-filho-de-responsavel-pela-coleta","status":"publish","type":"post","link":"https:\/\/www.sudoestehoje.com.br\/novoportal\/2020\/05\/16\/nome-usado-em-teste-de-bolsonaro-e-de-filho-de-responsavel-pela-coleta\/","title":{"rendered":"NOME USADO EM TESTE DE BOLSONARO \u00c9 DE FILHO DE RESPONS\u00c1VEL PELA COLETA"},"content":{"rendered":"<div id=\"attachment_86830\" style=\"width: 510px\" class=\"wp-caption aligncenter\"><a href=\"https:\/\/www.sudoestehoje.com.br\/novoportal\/wp-content\/uploads\/2020\/05\/TESTE-COVID-BOLSONARO.jpeg\"><img loading=\"lazy\" decoding=\"async\" aria-describedby=\"caption-attachment-86830\" class=\"size-medium wp-image-86830\" src=\"https:\/\/www.sudoestehoje.com.br\/novoportal\/wp-content\/uploads\/2020\/05\/TESTE-COVID-BOLSONARO-500x236.jpeg\" alt=\"\" width=\"500\" height=\"236\" srcset=\"https:\/\/www.sudoestehoje.com.br\/novoportal\/wp-content\/uploads\/2020\/05\/TESTE-COVID-BOLSONARO-500x236.jpeg 500w, https:\/\/www.sudoestehoje.com.br\/novoportal\/wp-content\/uploads\/2020\/05\/TESTE-COVID-BOLSONARO-700x330.jpeg 700w, https:\/\/www.sudoestehoje.com.br\/novoportal\/wp-content\/uploads\/2020\/05\/TESTE-COVID-BOLSONARO-768x362.jpeg 768w, https:\/\/www.sudoestehoje.com.br\/novoportal\/wp-content\/uploads\/2020\/05\/TESTE-COVID-BOLSONARO.jpeg 984w\" sizes=\"auto, (max-width: 500px) 100vw, 500px\" \/><\/a><p id=\"caption-attachment-86830\" class=\"wp-caption-text\"><em>Segundo exame entregue pelo presidente Bolsonaro ao STF<\/em><\/p><\/div>\n<p>Segundo o Minist\u00e9rio da Defesa informou ao jornal\u00a0<a href=\"https:\/\/politica.estadao.com.br\/noticias\/geral,nome-que-bolsonaro-diz-ter-usado-em-exame-de-covid-19-e-de-filho-de-responsavel-pela-coleta,70003304634\" target=\"_blank\" rel=\"noopener noreferrer\">O Estado de S. Paulo<\/a>, o nome do filho foi o que \u201cocorreu\u201d \u00e0 tenente-coronel no momento da coleta, quando foi pedida a utiliza\u00e7\u00e3o de um codinome.<\/p>\n<p>\u201cEm conson\u00e2ncia com a equipe m\u00e9dica da presid\u00eancia, e no intuito de proteger e garantir confidencialidade aos exames do presidente da Rep\u00fablica, foi sugerida a utiliza\u00e7\u00e3o de um pseud\u00f4nimo, sendo o nome que lhe ocorreu, naquele momento\u201d, afirmou a pasta, em nota.<\/p>\n<p>Um dos pseud\u00f4nimos utilizados por Jair Bolsonaro nos exames de coronav\u00edrus pertence ao filho de uma farmac\u00eautica que trabalha no Hospital das For\u00e7as Armadas (HFA) que foi das respons\u00e1veis pela coleta do material utilizado na an\u00e1lise. A informa\u00e7\u00e3o foi revelada pelo jornal Correio Braziliense.<\/p>\n","protected":false},"excerpt":{"rendered":"<p>Segundo o Minist\u00e9rio da Defesa informou ao jornal\u00a0O Estado de S. Paulo, o nome do filho foi o que \u201cocorreu\u201d \u00e0 tenente-coronel no momento da coleta, quando foi pedida a utiliza\u00e7\u00e3o de um codinome. \u201cEm conson\u00e2ncia com a equipe m\u00e9dica da presid\u00eancia, e no intuito de proteger e garantir confidencialidade aos exames do presidente da [&hellip;]<\/p>\n","protected":false},"author":2,"featured_media":86830,"comment_status":"open","ping_status":"open","sticky":false,"template":"","format":"standard","meta":{"footnotes":"","_links_to":"","_links_to_target":""},"categories":[1],"tags":[],"class_list":["post-86826","post","type-post","status-publish","format-standard","has-post-thumbnail","hentry","category-geral"],"views":2079,"_links":{"self":[{"href":"https:\/\/www.sudoestehoje.com.br\/novoportal\/wp-json\/wp\/v2\/posts\/86826","targetHints":{"allow":["GET"]}}],"collection":[{"href":"https:\/\/www.sudoestehoje.com.br\/novoportal\/wp-json\/wp\/v2\/posts"}],"about":[{"href":"https:\/\/www.sudoestehoje.com.br\/novoportal\/wp-json\/wp\/v2\/types\/post"}],"author":[{"embeddable":true,"href":"https:\/\/www.sudoestehoje.com.br\/novoportal\/wp-json\/wp\/v2\/users\/2"}],"replies":[{"embeddable":true,"href":"https:\/\/www.sudoestehoje.com.br\/novoportal\/wp-json\/wp\/v2\/comments?post=86826"}],"version-history":[{"count":5,"href":"https:\/\/www.sudoestehoje.com.br\/novoportal\/wp-json\/wp\/v2\/posts\/86826\/revisions"}],"predecessor-version":[{"id":86832,"href":"https:\/\/www.sudoestehoje.com.br\/novoportal\/wp-json\/wp\/v2\/posts\/86826\/revisions\/86832"}],"wp:featuredmedia":[{"embeddable":true,"href":"https:\/\/www.sudoestehoje.com.br\/novoportal\/wp-json\/wp\/v2\/media\/86830"}],"wp:attachment":[{"href":"https:\/\/www.sudoestehoje.com.br\/novoportal\/wp-json\/wp\/v2\/media?parent=86826"}],"wp:term":[{"taxonomy":"category","embeddable":true,"href":"https:\/\/www.sudoestehoje.com.br\/novoportal\/wp-json\/wp\/v2\/categories?post=86826"},{"taxonomy":"post_tag","embeddable":true,"href":"https:\/\/www.sudoestehoje.com.br\/novoportal\/wp-json\/wp\/v2\/tags?post=86826"}],"curies":[{"name":"wp","href":"https:\/\/api.w.org\/{rel}","templated":true}]}}